{"id":31929,"date":"2021-03-07T16:00:58","date_gmt":"2021-03-07T15:00:58","guid":{"rendered":"https:\/\/www.zonta.se\/?p=31929"},"modified":"2022-09-01T11:00:29","modified_gmt":"2022-09-01T09:00:29","slug":"zonta-i-media-pa-internationella-kvinnodagen","status":"publish","type":"post","link":"https:\/\/zonta.se\/en\/zonta-i-media-pa-internationella-kvinnodagen\/","title":{"rendered":"Zonta in the media on International Women&#039;s Day"},"content":{"rendered":"<p><strong>On March 8, 2021, Swedish Zonta clubs draw attention to the increased vulnerability of women and children in the wake of the covid-19 pandemic. Our submitter below has been emailed to newspaper editorial offices from G\u00e4llivare in the north to Trelleborg in the south.<\/strong><\/p>\n\n\n\n<h2 class=\"wp-block-heading\">Pay attention to the vulnerability of women and children<\/h2>\n\n\n\n<p>International Women&#039;s Day is not a day to celebrate - it&#039;s a day to pay attention. Bris received 40 percent more calls during the last Christmas holiday compared to the year before. The women&#039;s peace line received more than 4,000 more calls in 2020 compared to 2019.&nbsp;<\/p>\n\n\n\n<p>The ongoing corona pandemic is a global crisis that affects the entire world. The pandemic has affected everyone&#039;s life in some way, such as illness, grief, unemployment, isolation or financial worries. For already vulnerable groups, mainly women and children, it also means an increased risk of being subjected to violence by a close relative.&nbsp;<\/p>\n\n\n\n<p>In the run-up to International Women&#039;s Day, Zonta wants to draw attention to the vulnerability of women and children, which becomes visible in the traffic to various support lines, among other things.<\/p>\n\n\n\n<p>Bris reports that during the Christmas holidays they received 1,438 calls, which is an increase of 40 percent compared to 2019. For the summer of 2020, the increase was 37 percent compared to 2019.<\/p>\n\n\n\n<p>The number of calls to the Women&#039;s Peace Line&#039;s helpline has also hit a record. In 2020, they received an average of 128 calls per day, compared to 116 the year before. This is an increase of an average of 12 calls per day, i.e. roughly 4,300 more calls during the year.<\/p>\n\n\n\n<p>Isolation can mean difficulties in seeking help and thus less opportunity to take part in society&#039;s efforts. Children and women are at risk of remaining in violent environments for various reasons; fear of asking for help if the perpetrator is always at home, difficulties in making contact outside the home, anxiety and fear of the risk of infection when changing residences. The social service&#039;s ability to detect malpractices also risks being delayed due to difficulties in making home visits during the ongoing pandemic.<\/p>\n\n\n\n<p>Every day, all year round, we fellow human beings have a responsibility to react and act when we see or suspect that women and children are being harmed. How do you help?<\/p>\n\n\n\n<h3 class=\"wp-block-heading\">Phone numbers for current support lines<\/h3>\n\n\n\n<p>The women&#039;s peace line: 020-50 50 50<\/p>\n\n\n\n<p><a href=\"https:\/\/kvinnofridslinjen.se\/sv\/\" target=\"_blank\" rel=\"noreferrer noopener nofollow\">The Women&#039;s Peace Line<\/a> is a national helpline for those who have been exposed to physical, psychological and sexual violence. You who are relatives or friends are also welcome to call us. We are open 24 hours a day and you can call us regardless of where you live in Sweden. Your call costs nothing and does not appear on the phone bill.<\/p>\n\n\n\n<p>Bris support phone: 116 111<\/p>\n\n\n\n<p>You who are under the age of 18 can call <a href=\"https:\/\/www.bris.se\/for-barn-och-unga\/just-nu\/\" target=\"_blank\" rel=\"noreferrer noopener nofollow\">Breeze<\/a> to talk to a counselor about what you think about a lot or what you need help with. The number is 116 111. The phone is open 9-12 and 14-21 every day. As of March 15, Bris will be open around the clock, every day.<\/p>","protected":false},"excerpt":{"rendered":"<p>On March 8, Zonta draws attention to the increase in the number of calls received to the Women&#039;s Peace Line and Bris during 2020. This indicates an increased vulnerability for women and children in the wake of the ongoing pandemic.<\/p>","protected":false},"author":1,"featured_media":30851,"comment_status":"closed","ping_status":"closed","sticky":false,"template":"","format":"standard","meta":{"_acf_changed":false,"footnotes":""},"categories":[1],"tags":[18,10,21,22],"class_list":["post-31929","post","type-post","status-publish","format-standard","has-post-thumbnail","hentry","category-uncategorized","tag-ajour","tag-arkiv","tag-insandare","tag-internationella-kvinnodagen"],"acf":[],"yoast_head":"<!-- This site is optimized with the Yoast SEO plugin v27.4 - https:\/\/yoast.com\/product\/yoast-seo-wordpress\/ -->\n<title>Zonta i media p\u00e5 Internationella kvinnodagen - Zonta Distrikt 21<\/title>\n<meta name=\"robots\" content=\"index, follow, max-snippet:-1, max-image-preview:large, max-video-preview:-1\" \/>\n<link rel=\"canonical\" href=\"https:\/\/zonta.se\/en\/zonta-i-media-pa-internationella-kvinnodagen\/\" \/>\n<meta property=\"og:locale\" content=\"en_US\" \/>\n<meta property=\"og:type\" content=\"article\" \/>\n<meta property=\"og:title\" content=\"Zonta i media p\u00e5 Internationella kvinnodagen - Zonta Distrikt 21\" \/>\n<meta property=\"og:description\" content=\"Den 8 mars uppm\u00e4rksammar Zonta \u00f6kningen i antalet inkomna samtal till Kvinnofridslinjen och Bris under 2020. Det tyder p\u00e5 en \u00f6kad utsatthet f\u00f6r kvinnor och barn i sp\u00e5ren av p\u00e5g\u00e5ende pandemi.\" \/>\n<meta property=\"og:url\" content=\"https:\/\/zonta.se\/en\/zonta-i-media-pa-internationella-kvinnodagen\/\" \/>\n<meta property=\"og:site_name\" content=\"Zonta Distrikt 21\" \/>\n<meta property=\"article:published_time\" content=\"2021-03-07T15:00:58+00:00\" \/>\n<meta property=\"article:modified_time\" content=\"2022-09-01T09:00:29+00:00\" \/>\n<meta property=\"og:image\" content=\"https:\/\/zonta.se\/wp-content\/uploads\/2021\/02\/Ulrike-Mai-Pixabaylow.jpg\" \/>\n\t<meta property=\"og:image:width\" content=\"1920\" \/>\n\t<meta property=\"og:image:height\" content=\"1275\" \/>\n\t<meta property=\"og:image:type\" content=\"image\/jpeg\" \/>\n<meta name=\"author\" content=\"qase\" \/>\n<meta name=\"twitter:card\" content=\"summary_large_image\" \/>\n<meta name=\"twitter:label1\" content=\"Written by\" \/>\n\t<meta name=\"twitter:data1\" content=\"qase\" \/>\n\t<meta name=\"twitter:label2\" content=\"Est. reading time\" \/>\n\t<meta name=\"twitter:data2\" content=\"3 minutes\" \/>\n<script type=\"application\/ld+json\" class=\"yoast-schema-graph\">{\"@context\":\"https:\\\/\\\/schema.org\",\"@graph\":[{\"@type\":\"Article\",\"@id\":\"https:\\\/\\\/zonta.se\\\/zonta-i-media-pa-internationella-kvinnodagen\\\/#article\",\"isPartOf\":{\"@id\":\"https:\\\/\\\/zonta.se\\\/zonta-i-media-pa-internationella-kvinnodagen\\\/\"},\"author\":{\"name\":\"qase\",\"@id\":\"https:\\\/\\\/zonta.se\\\/#\\\/schema\\\/person\\\/5a933829151e2e081eb10b2ddd457e3f\"},\"headline\":\"Zonta i media p\u00e5 Internationella kvinnodagen\",\"datePublished\":\"2021-03-07T15:00:58+00:00\",\"dateModified\":\"2022-09-01T09:00:29+00:00\",\"mainEntityOfPage\":{\"@id\":\"https:\\\/\\\/zonta.se\\\/zonta-i-media-pa-internationella-kvinnodagen\\\/\"},\"wordCount\":517,\"publisher\":{\"@id\":\"https:\\\/\\\/zonta.se\\\/#organization\"},\"image\":{\"@id\":\"https:\\\/\\\/zonta.se\\\/zonta-i-media-pa-internationella-kvinnodagen\\\/#primaryimage\"},\"thumbnailUrl\":\"https:\\\/\\\/zonta.se\\\/wp-content\\\/uploads\\\/2021\\\/02\\\/Ulrike-Mai-Pixabaylow.jpg\",\"keywords\":[\"AJOUR\",\"arkiv\",\"ins\u00e4ndare\",\"internationella kvinnodagen\"],\"inLanguage\":\"en-US\"},{\"@type\":\"WebPage\",\"@id\":\"https:\\\/\\\/zonta.se\\\/zonta-i-media-pa-internationella-kvinnodagen\\\/\",\"url\":\"https:\\\/\\\/zonta.se\\\/zonta-i-media-pa-internationella-kvinnodagen\\\/\",\"name\":\"Zonta i media p\u00e5 Internationella kvinnodagen - Zonta Distrikt 21\",\"isPartOf\":{\"@id\":\"https:\\\/\\\/zonta.se\\\/#website\"},\"primaryImageOfPage\":{\"@id\":\"https:\\\/\\\/zonta.se\\\/zonta-i-media-pa-internationella-kvinnodagen\\\/#primaryimage\"},\"image\":{\"@id\":\"https:\\\/\\\/zonta.se\\\/zonta-i-media-pa-internationella-kvinnodagen\\\/#primaryimage\"},\"thumbnailUrl\":\"https:\\\/\\\/zonta.se\\\/wp-content\\\/uploads\\\/2021\\\/02\\\/Ulrike-Mai-Pixabaylow.jpg\",\"datePublished\":\"2021-03-07T15:00:58+00:00\",\"dateModified\":\"2022-09-01T09:00:29+00:00\",\"breadcrumb\":{\"@id\":\"https:\\\/\\\/zonta.se\\\/zonta-i-media-pa-internationella-kvinnodagen\\\/#breadcrumb\"},\"inLanguage\":\"en-US\",\"potentialAction\":[{\"@type\":\"ReadAction\",\"target\":[\"https:\\\/\\\/zonta.se\\\/zonta-i-media-pa-internationella-kvinnodagen\\\/\"]}]},{\"@type\":\"ImageObject\",\"inLanguage\":\"en-US\",\"@id\":\"https:\\\/\\\/zonta.se\\\/zonta-i-media-pa-internationella-kvinnodagen\\\/#primaryimage\",\"url\":\"https:\\\/\\\/zonta.se\\\/wp-content\\\/uploads\\\/2021\\\/02\\\/Ulrike-Mai-Pixabaylow.jpg\",\"contentUrl\":\"https:\\\/\\\/zonta.se\\\/wp-content\\\/uploads\\\/2021\\\/02\\\/Ulrike-Mai-Pixabaylow.jpg\",\"width\":1920,\"height\":1275,\"caption\":\"flicka i profil som t\u00e4cker \u00f6rat med sin hand\"},{\"@type\":\"BreadcrumbList\",\"@id\":\"https:\\\/\\\/zonta.se\\\/zonta-i-media-pa-internationella-kvinnodagen\\\/#breadcrumb\",\"itemListElement\":[{\"@type\":\"ListItem\",\"position\":1,\"name\":\"Hem\",\"item\":\"https:\\\/\\\/zonta.se\\\/\"},{\"@type\":\"ListItem\",\"position\":2,\"name\":\"Zonta i media p\u00e5 Internationella kvinnodagen\"}]},{\"@type\":\"WebSite\",\"@id\":\"https:\\\/\\\/zonta.se\\\/#website\",\"url\":\"https:\\\/\\\/zonta.se\\\/\",\"name\":\"Zonta Distrikt 21\",\"description\":\"\",\"publisher\":{\"@id\":\"https:\\\/\\\/zonta.se\\\/#organization\"},\"potentialAction\":[{\"@type\":\"SearchAction\",\"target\":{\"@type\":\"EntryPoint\",\"urlTemplate\":\"https:\\\/\\\/zonta.se\\\/?s={search_term_string}\"},\"query-input\":{\"@type\":\"PropertyValueSpecification\",\"valueRequired\":true,\"valueName\":\"search_term_string\"}}],\"inLanguage\":\"en-US\"},{\"@type\":\"Organization\",\"@id\":\"https:\\\/\\\/zonta.se\\\/#organization\",\"name\":\"Zonta Distrikt 21\",\"url\":\"https:\\\/\\\/zonta.se\\\/\",\"logo\":{\"@type\":\"ImageObject\",\"inLanguage\":\"en-US\",\"@id\":\"https:\\\/\\\/zonta.se\\\/#\\\/schema\\\/logo\\\/image\\\/\",\"url\":\"https:\\\/\\\/zonta.se\\\/wp-content\\\/uploads\\\/2022\\\/09\\\/zonta-logo-color-1.svg\",\"contentUrl\":\"https:\\\/\\\/zonta.se\\\/wp-content\\\/uploads\\\/2022\\\/09\\\/zonta-logo-color-1.svg\",\"width\":1136,\"height\":355,\"caption\":\"Zonta Distrikt 21\"},\"image\":{\"@id\":\"https:\\\/\\\/zonta.se\\\/#\\\/schema\\\/logo\\\/image\\\/\"}},{\"@type\":\"Person\",\"@id\":\"https:\\\/\\\/zonta.se\\\/#\\\/schema\\\/person\\\/5a933829151e2e081eb10b2ddd457e3f\",\"name\":\"qase\",\"image\":{\"@type\":\"ImageObject\",\"inLanguage\":\"en-US\",\"@id\":\"https:\\\/\\\/secure.gravatar.com\\\/avatar\\\/e952d592cbf71040295cb3baf1e73d321bdc68a38c20aeca4514b0daa9fd36f0?s=96&d=mm&r=g\",\"url\":\"https:\\\/\\\/secure.gravatar.com\\\/avatar\\\/e952d592cbf71040295cb3baf1e73d321bdc68a38c20aeca4514b0daa9fd36f0?s=96&d=mm&r=g\",\"contentUrl\":\"https:\\\/\\\/secure.gravatar.com\\\/avatar\\\/e952d592cbf71040295cb3baf1e73d321bdc68a38c20aeca4514b0daa9fd36f0?s=96&d=mm&r=g\",\"caption\":\"qase\"},\"sameAs\":[\"https:\\\/\\\/zonta.se\"],\"url\":\"https:\\\/\\\/zonta.se\\\/en\\\/author\\\/qase\\\/\"}]}<\/script>\n<!-- \/ Yoast SEO plugin. -->","yoast_head_json":{"title":"Zonta in the media on International Women&#039;s Day - Zonta District 21","robots":{"index":"index","follow":"follow","max-snippet":"max-snippet:-1","max-image-preview":"max-image-preview:large","max-video-preview":"max-video-preview:-1"},"canonical":"https:\/\/zonta.se\/en\/zonta-i-media-pa-internationella-kvinnodagen\/","og_locale":"en_US","og_type":"article","og_title":"Zonta i media p\u00e5 Internationella kvinnodagen - Zonta Distrikt 21","og_description":"Den 8 mars uppm\u00e4rksammar Zonta \u00f6kningen i antalet inkomna samtal till Kvinnofridslinjen och Bris under 2020. Det tyder p\u00e5 en \u00f6kad utsatthet f\u00f6r kvinnor och barn i sp\u00e5ren av p\u00e5g\u00e5ende pandemi.","og_url":"https:\/\/zonta.se\/en\/zonta-i-media-pa-internationella-kvinnodagen\/","og_site_name":"Zonta Distrikt 21","article_published_time":"2021-03-07T15:00:58+00:00","article_modified_time":"2022-09-01T09:00:29+00:00","og_image":[{"width":1920,"height":1275,"url":"https:\/\/zonta.se\/wp-content\/uploads\/2021\/02\/Ulrike-Mai-Pixabaylow.jpg","type":"image\/jpeg"}],"author":"qase","twitter_card":"summary_large_image","twitter_misc":{"Written by":"qase","Est. reading time":"3 minutes"},"schema":{"@context":"https:\/\/schema.org","@graph":[{"@type":"Article","@id":"https:\/\/zonta.se\/zonta-i-media-pa-internationella-kvinnodagen\/#article","isPartOf":{"@id":"https:\/\/zonta.se\/zonta-i-media-pa-internationella-kvinnodagen\/"},"author":{"name":"qase","@id":"https:\/\/zonta.se\/#\/schema\/person\/5a933829151e2e081eb10b2ddd457e3f"},"headline":"Zonta i media p\u00e5 Internationella kvinnodagen","datePublished":"2021-03-07T15:00:58+00:00","dateModified":"2022-09-01T09:00:29+00:00","mainEntityOfPage":{"@id":"https:\/\/zonta.se\/zonta-i-media-pa-internationella-kvinnodagen\/"},"wordCount":517,"publisher":{"@id":"https:\/\/zonta.se\/#organization"},"image":{"@id":"https:\/\/zonta.se\/zonta-i-media-pa-internationella-kvinnodagen\/#primaryimage"},"thumbnailUrl":"https:\/\/zonta.se\/wp-content\/uploads\/2021\/02\/Ulrike-Mai-Pixabaylow.jpg","keywords":["AJOUR","arkiv","ins\u00e4ndare","internationella kvinnodagen"],"inLanguage":"en-US"},{"@type":"WebPage","@id":"https:\/\/zonta.se\/zonta-i-media-pa-internationella-kvinnodagen\/","url":"https:\/\/zonta.se\/zonta-i-media-pa-internationella-kvinnodagen\/","name":"Zonta in the media on International Women&#039;s Day - Zonta District 21","isPartOf":{"@id":"https:\/\/zonta.se\/#website"},"primaryImageOfPage":{"@id":"https:\/\/zonta.se\/zonta-i-media-pa-internationella-kvinnodagen\/#primaryimage"},"image":{"@id":"https:\/\/zonta.se\/zonta-i-media-pa-internationella-kvinnodagen\/#primaryimage"},"thumbnailUrl":"https:\/\/zonta.se\/wp-content\/uploads\/2021\/02\/Ulrike-Mai-Pixabaylow.jpg","datePublished":"2021-03-07T15:00:58+00:00","dateModified":"2022-09-01T09:00:29+00:00","breadcrumb":{"@id":"https:\/\/zonta.se\/zonta-i-media-pa-internationella-kvinnodagen\/#breadcrumb"},"inLanguage":"en-US","potentialAction":[{"@type":"ReadAction","target":["https:\/\/zonta.se\/zonta-i-media-pa-internationella-kvinnodagen\/"]}]},{"@type":"ImageObject","inLanguage":"en-US","@id":"https:\/\/zonta.se\/zonta-i-media-pa-internationella-kvinnodagen\/#primaryimage","url":"https:\/\/zonta.se\/wp-content\/uploads\/2021\/02\/Ulrike-Mai-Pixabaylow.jpg","contentUrl":"https:\/\/zonta.se\/wp-content\/uploads\/2021\/02\/Ulrike-Mai-Pixabaylow.jpg","width":1920,"height":1275,"caption":"flicka i profil som t\u00e4cker \u00f6rat med sin hand"},{"@type":"BreadcrumbList","@id":"https:\/\/zonta.se\/zonta-i-media-pa-internationella-kvinnodagen\/#breadcrumb","itemListElement":[{"@type":"ListItem","position":1,"name":"Hem","item":"https:\/\/zonta.se\/"},{"@type":"ListItem","position":2,"name":"Zonta i media p\u00e5 Internationella kvinnodagen"}]},{"@type":"WebSite","@id":"https:\/\/zonta.se\/#website","url":"https:\/\/zonta.se\/","name":"Zonta District 21","description":"","publisher":{"@id":"https:\/\/zonta.se\/#organization"},"potentialAction":[{"@type":"SearchAction","target":{"@type":"EntryPoint","urlTemplate":"https:\/\/zonta.se\/?s={search_term_string}"},"query-input":{"@type":"PropertyValueSpecification","valueRequired":true,"valueName":"search_term_string"}}],"inLanguage":"en-US"},{"@type":"Organization","@id":"https:\/\/zonta.se\/#organization","name":"Zonta District 21","url":"https:\/\/zonta.se\/","logo":{"@type":"ImageObject","inLanguage":"en-US","@id":"https:\/\/zonta.se\/#\/schema\/logo\/image\/","url":"https:\/\/zonta.se\/wp-content\/uploads\/2022\/09\/zonta-logo-color-1.svg","contentUrl":"https:\/\/zonta.se\/wp-content\/uploads\/2022\/09\/zonta-logo-color-1.svg","width":1136,"height":355,"caption":"Zonta Distrikt 21"},"image":{"@id":"https:\/\/zonta.se\/#\/schema\/logo\/image\/"}},{"@type":"Person","@id":"https:\/\/zonta.se\/#\/schema\/person\/5a933829151e2e081eb10b2ddd457e3f","name":"case","image":{"@type":"ImageObject","inLanguage":"en-US","@id":"https:\/\/secure.gravatar.com\/avatar\/e952d592cbf71040295cb3baf1e73d321bdc68a38c20aeca4514b0daa9fd36f0?s=96&d=mm&r=g","url":"https:\/\/secure.gravatar.com\/avatar\/e952d592cbf71040295cb3baf1e73d321bdc68a38c20aeca4514b0daa9fd36f0?s=96&d=mm&r=g","contentUrl":"https:\/\/secure.gravatar.com\/avatar\/e952d592cbf71040295cb3baf1e73d321bdc68a38c20aeca4514b0daa9fd36f0?s=96&d=mm&r=g","caption":"qase"},"sameAs":["https:\/\/zonta.se"],"url":"https:\/\/zonta.se\/en\/author\/qase\/"}]}},"_links":{"self":[{"href":"https:\/\/zonta.se\/en\/wp-json\/wp\/v2\/posts\/31929","targetHints":{"allow":["GET"]}}],"collection":[{"href":"https:\/\/zonta.se\/en\/wp-json\/wp\/v2\/posts"}],"about":[{"href":"https:\/\/zonta.se\/en\/wp-json\/wp\/v2\/types\/post"}],"author":[{"embeddable":true,"href":"https:\/\/zonta.se\/en\/wp-json\/wp\/v2\/users\/1"}],"replies":[{"embeddable":true,"href":"https:\/\/zonta.se\/en\/wp-json\/wp\/v2\/comments?post=31929"}],"version-history":[{"count":3,"href":"https:\/\/zonta.se\/en\/wp-json\/wp\/v2\/posts\/31929\/revisions"}],"predecessor-version":[{"id":43203,"href":"https:\/\/zonta.se\/en\/wp-json\/wp\/v2\/posts\/31929\/revisions\/43203"}],"wp:featuredmedia":[{"embeddable":true,"href":"https:\/\/zonta.se\/en\/wp-json\/wp\/v2\/media\/30851"}],"wp:attachment":[{"href":"https:\/\/zonta.se\/en\/wp-json\/wp\/v2\/media?parent=31929"}],"wp:term":[{"taxonomy":"category","embeddable":true,"href":"https:\/\/zonta.se\/en\/wp-json\/wp\/v2\/categories?post=31929"},{"taxonomy":"post_tag","embeddable":true,"href":"https:\/\/zonta.se\/en\/wp-json\/wp\/v2\/tags?post=31929"}],"curies":[{"name":"wp","href":"https:\/\/api.w.org\/{rel}","templated":true}]}}