{"id":36605,"date":"2021-10-16T16:00:29","date_gmt":"2021-10-16T14:00:29","guid":{"rendered":"https:\/\/www.zonta.se\/?p=36605"},"modified":"2022-10-22T11:18:39","modified_gmt":"2022-10-22T09:18:39","slug":"klimatet-en-kvinnofraga","status":"publish","type":"post","link":"https:\/\/zonta.se\/lv\/klimatet-en-kvinnofraga\/","title":{"rendered":"Klimats \u2013 sievie\u0161u probl\u0113ma?"},"content":{"rendered":"<p><strong>Ceturtdien, 28.\u00a0oktobr\u012b (2021), Stokholmas Zonta Club 1 un Zonta e-club of Sweden 1 aicina uz digit\u0101lu sarunu par klimata p\u0101rmai\u0146\u0101m un to, k\u0101 t\u0101s ietekm\u0113 sievietes un meitenes pasaul\u0113.<\/strong>\u00a0<\/p>\n\n\n\n<p>Vakara sarun\u0101 piedal\u0101s Stokholmas Universit\u0101tes Stokholmas elast\u012bguma centra p\u0113tniece Lisena \u0160ulca un Svenska Dagbladet klimata reportiere \u0112rika Treija. Tie sniegs aktu\u0101lu un steidzamu skat\u012bjumu uz notieko\u0161aj\u0101m klimata p\u0101rmai\u0146\u0101m. Sarun\u0101 piedal\u0101s Zonta e-club Sweden biedrs un viceprezidents M\u0101rta Vuceti\u010da. Vi\u0146a uzzin\u0101s, k\u0101ds uzdevums mums pa\u0161iem ir ietekm\u0113t jau t\u0101 saspringto situ\u0101ciju uz labo pusi.&nbsp;<\/p>\n\n\n\n<figure class=\"wp-block-image\"><img decoding=\"async\" src=\"https:\/\/zonta.se\/wp-content\/uploads\/2022\/08\/Erica-Treijs-och-Lisen-Schultz-Kursen-Foto-Martin-300x208.jpg\" alt=\"Portr\u00e4ttbild p\u00e5 Lisen Schultz och Erica Treijs\" class=\"wp-image-36741\" \/><figcaption>Gr\u0101matas &quot;Kurss&quot; autori, no kreis\u0101s Lisens \u0160ulcs un \u0112rika Treija. Foto: Martins Stenmarks.<\/figcaption><\/figure>\n\n\n\n<p>Lisens \u0160ulcs un \u0112rika Treija ir kop\u0101 ar <a href=\"https:\/\/www.nok.se\/titlar\/a7\/kursen\/\" target=\"_blank\" rel=\"noreferrer noopener nofollow\">gr\u0101mata &quot;Kurss \u2013 desmit atzi\u0146as ilgtsp\u0113j\u012bgai biznesa dz\u012bvei&quot;<\/a>. Gr\u0101mata ir balst\u012bta uz Executive programmu, ko Stokholmas notur\u012bbas centrs pied\u0101v\u0101ja da\u017eiem ietekm\u012bg\u0101kajiem uz\u0146\u0113mumu vad\u012bt\u0101jiem Zviedrij\u0101, lai pa\u0101trin\u0101tu p\u0101reju uz ilgtsp\u0113j\u012bg\u0101ku biznesu.\u00a0<strong>Saruna ar Lisenu un \u0112riku notiek Zoom platform\u0101.<\/strong> Re\u0123istr\u0113jieties, izmantojot zem\u0101k eso\u0161o pogu, lai sa\u0146emtu saiti uz vakaru. Pas\u0101kums ir bez maksas. Ar Swish starpniec\u012bbu b\u016bs iesp\u0113ja sniegt br\u012bvpr\u0101t\u012bgu ieguld\u012bjumu Zonta darb\u012bb\u0101.\u00a0<strong>Sirsn\u012bgi sveicam!<\/strong><\/p>\n\n\n\n<div class=\"wp-block-buttons is-layout-flex wp-block-buttons-is-layout-flex\">\n<div class=\"wp-block-button\"><a class=\"wp-block-button__link\">Pas\u0101kums ir beidzies<\/a><\/div>\n<\/div>\n\n\n\n<p><a href=\"http:\/\/simplesignup.se\/event\/185103-klimatet-en-kvinnofraaga\" target=\"_blank\" rel=\"noreferrer noopener nofollow\"><br><\/a><\/p>","protected":false},"excerpt":{"rendered":"<p>Iepaz\u012bstieties ar p\u0113tnieci Lisenu \u0160ulcu un \u017eurn\u0101listi Ericu Treiju digit\u0101l\u0101 sarun\u0101 ar Zontu par to, k\u0101 klimata p\u0101rmai\u0146as ietekm\u0113 meitenes un sievietes, un par m\u016bsu iesp\u0113j\u0101m k\u013c\u016bt par da\u013cu no risin\u0101juma.<\/p>","protected":false},"author":1,"featured_media":42986,"comment_status":"closed","ping_status":"closed","sticky":false,"template":"","format":"standard","meta":{"_acf_changed":false,"footnotes":""},"categories":[1],"tags":[18,10,43],"class_list":["post-36605","post","type-post","status-publish","format-standard","has-post-thumbnail","hentry","category-uncategorized","tag-ajour","tag-arkiv","tag-klimatforandring"],"acf":[],"yoast_head":"<!-- This site is optimized with the Yoast SEO plugin v27.4 - https:\/\/yoast.com\/product\/yoast-seo-wordpress\/ -->\n<title>Klimatet - en kvinnofr\u00e5ga? - Zonta Distrikt 21<\/title>\n<meta name=\"robots\" content=\"index, follow, max-snippet:-1, max-image-preview:large, max-video-preview:-1\" \/>\n<link rel=\"canonical\" href=\"https:\/\/zonta.se\/lv\/klimatet-en-kvinnofraga\/\" \/>\n<meta property=\"og:locale\" content=\"lv_LV\" \/>\n<meta property=\"og:type\" content=\"article\" \/>\n<meta property=\"og:title\" content=\"Klimatet - en kvinnofr\u00e5ga? - Zonta Distrikt 21\" \/>\n<meta property=\"og:description\" content=\"M\u00f6t forskaren Lisen Schultz och journalisten Erica Treijs i ett digitalt samtal med Zonta om hur klimatf\u00f6r\u00e4ndringen p\u00e5verkar flickor och kvinnor - och om v\u00e5ra m\u00f6jligheter att bli en del av l\u00f6sningen.\" \/>\n<meta property=\"og:url\" content=\"https:\/\/zonta.se\/lv\/klimatet-en-kvinnofraga\/\" \/>\n<meta property=\"og:site_name\" content=\"Zonta Distrikt 21\" \/>\n<meta property=\"article:published_time\" content=\"2021-10-16T14:00:29+00:00\" \/>\n<meta property=\"article:modified_time\" content=\"2022-10-22T09:18:39+00:00\" \/>\n<meta property=\"og:image\" content=\"https:\/\/zonta.se\/wp-content\/uploads\/2022\/08\/world-gc45fafbec_1920_wide-1024x576.jpg\" \/>\n\t<meta property=\"og:image:width\" content=\"1024\" \/>\n\t<meta property=\"og:image:height\" content=\"576\" \/>\n\t<meta property=\"og:image:type\" content=\"image\/jpeg\" \/>\n<meta name=\"author\" content=\"qase\" \/>\n<meta name=\"twitter:card\" content=\"summary_large_image\" \/>\n<meta name=\"twitter:label1\" content=\"Written by\" \/>\n\t<meta name=\"twitter:data1\" content=\"qase\" \/>\n\t<meta name=\"twitter:label2\" content=\"Est. reading time\" \/>\n\t<meta name=\"twitter:data2\" content=\"2 min\u016btes\" \/>\n<script type=\"application\/ld+json\" class=\"yoast-schema-graph\">{\"@context\":\"https:\\\/\\\/schema.org\",\"@graph\":[{\"@type\":\"Article\",\"@id\":\"https:\\\/\\\/zonta.se\\\/klimatet-en-kvinnofraga\\\/#article\",\"isPartOf\":{\"@id\":\"https:\\\/\\\/zonta.se\\\/klimatet-en-kvinnofraga\\\/\"},\"author\":{\"name\":\"qase\",\"@id\":\"https:\\\/\\\/zonta.se\\\/#\\\/schema\\\/person\\\/5a933829151e2e081eb10b2ddd457e3f\"},\"headline\":\"Klimatet &#8211; en kvinnofr\u00e5ga?\",\"datePublished\":\"2021-10-16T14:00:29+00:00\",\"dateModified\":\"2022-10-22T09:18:39+00:00\",\"mainEntityOfPage\":{\"@id\":\"https:\\\/\\\/zonta.se\\\/klimatet-en-kvinnofraga\\\/\"},\"wordCount\":237,\"publisher\":{\"@id\":\"https:\\\/\\\/zonta.se\\\/#organization\"},\"image\":{\"@id\":\"https:\\\/\\\/zonta.se\\\/klimatet-en-kvinnofraga\\\/#primaryimage\"},\"thumbnailUrl\":\"https:\\\/\\\/zonta.se\\\/wp-content\\\/uploads\\\/2022\\\/08\\\/world-gc45fafbec_1920_wide-1024x576.jpg\",\"keywords\":[\"AJOUR\",\"arkiv\",\"klimatf\u00f6r\u00e4ndring\"],\"articleSection\":[\"Uncategorized\"],\"inLanguage\":\"lv-LV\"},{\"@type\":\"WebPage\",\"@id\":\"https:\\\/\\\/zonta.se\\\/klimatet-en-kvinnofraga\\\/\",\"url\":\"https:\\\/\\\/zonta.se\\\/klimatet-en-kvinnofraga\\\/\",\"name\":\"Klimatet - en kvinnofr\u00e5ga? - Zonta Distrikt 21\",\"isPartOf\":{\"@id\":\"https:\\\/\\\/zonta.se\\\/#website\"},\"primaryImageOfPage\":{\"@id\":\"https:\\\/\\\/zonta.se\\\/klimatet-en-kvinnofraga\\\/#primaryimage\"},\"image\":{\"@id\":\"https:\\\/\\\/zonta.se\\\/klimatet-en-kvinnofraga\\\/#primaryimage\"},\"thumbnailUrl\":\"https:\\\/\\\/zonta.se\\\/wp-content\\\/uploads\\\/2022\\\/08\\\/world-gc45fafbec_1920_wide-1024x576.jpg\",\"datePublished\":\"2021-10-16T14:00:29+00:00\",\"dateModified\":\"2022-10-22T09:18:39+00:00\",\"breadcrumb\":{\"@id\":\"https:\\\/\\\/zonta.se\\\/klimatet-en-kvinnofraga\\\/#breadcrumb\"},\"inLanguage\":\"lv-LV\",\"potentialAction\":[{\"@type\":\"ReadAction\",\"target\":[\"https:\\\/\\\/zonta.se\\\/klimatet-en-kvinnofraga\\\/\"]}]},{\"@type\":\"ImageObject\",\"inLanguage\":\"lv-LV\",\"@id\":\"https:\\\/\\\/zonta.se\\\/klimatet-en-kvinnofraga\\\/#primaryimage\",\"url\":\"https:\\\/\\\/zonta.se\\\/wp-content\\\/uploads\\\/2022\\\/08\\\/world-gc45fafbec_1920_wide-1024x576.jpg\",\"contentUrl\":\"https:\\\/\\\/zonta.se\\\/wp-content\\\/uploads\\\/2022\\\/08\\\/world-gc45fafbec_1920_wide-1024x576.jpg\",\"width\":1024,\"height\":576},{\"@type\":\"BreadcrumbList\",\"@id\":\"https:\\\/\\\/zonta.se\\\/klimatet-en-kvinnofraga\\\/#breadcrumb\",\"itemListElement\":[{\"@type\":\"ListItem\",\"position\":1,\"name\":\"Hem\",\"item\":\"https:\\\/\\\/zonta.se\\\/\"},{\"@type\":\"ListItem\",\"position\":2,\"name\":\"Klimatet &#8211; en kvinnofr\u00e5ga?\"}]},{\"@type\":\"WebSite\",\"@id\":\"https:\\\/\\\/zonta.se\\\/#website\",\"url\":\"https:\\\/\\\/zonta.se\\\/\",\"name\":\"Zonta Distrikt 21\",\"description\":\"\",\"publisher\":{\"@id\":\"https:\\\/\\\/zonta.se\\\/#organization\"},\"potentialAction\":[{\"@type\":\"SearchAction\",\"target\":{\"@type\":\"EntryPoint\",\"urlTemplate\":\"https:\\\/\\\/zonta.se\\\/?s={search_term_string}\"},\"query-input\":{\"@type\":\"PropertyValueSpecification\",\"valueRequired\":true,\"valueName\":\"search_term_string\"}}],\"inLanguage\":\"lv-LV\"},{\"@type\":\"Organization\",\"@id\":\"https:\\\/\\\/zonta.se\\\/#organization\",\"name\":\"Zonta Distrikt 21\",\"url\":\"https:\\\/\\\/zonta.se\\\/\",\"logo\":{\"@type\":\"ImageObject\",\"inLanguage\":\"lv-LV\",\"@id\":\"https:\\\/\\\/zonta.se\\\/#\\\/schema\\\/logo\\\/image\\\/\",\"url\":\"https:\\\/\\\/zonta.se\\\/wp-content\\\/uploads\\\/2022\\\/09\\\/zonta-logo-color-1.svg\",\"contentUrl\":\"https:\\\/\\\/zonta.se\\\/wp-content\\\/uploads\\\/2022\\\/09\\\/zonta-logo-color-1.svg\",\"width\":1136,\"height\":355,\"caption\":\"Zonta Distrikt 21\"},\"image\":{\"@id\":\"https:\\\/\\\/zonta.se\\\/#\\\/schema\\\/logo\\\/image\\\/\"}},{\"@type\":\"Person\",\"@id\":\"https:\\\/\\\/zonta.se\\\/#\\\/schema\\\/person\\\/5a933829151e2e081eb10b2ddd457e3f\",\"name\":\"qase\",\"image\":{\"@type\":\"ImageObject\",\"inLanguage\":\"lv-LV\",\"@id\":\"https:\\\/\\\/secure.gravatar.com\\\/avatar\\\/e952d592cbf71040295cb3baf1e73d321bdc68a38c20aeca4514b0daa9fd36f0?s=96&d=mm&r=g\",\"url\":\"https:\\\/\\\/secure.gravatar.com\\\/avatar\\\/e952d592cbf71040295cb3baf1e73d321bdc68a38c20aeca4514b0daa9fd36f0?s=96&d=mm&r=g\",\"contentUrl\":\"https:\\\/\\\/secure.gravatar.com\\\/avatar\\\/e952d592cbf71040295cb3baf1e73d321bdc68a38c20aeca4514b0daa9fd36f0?s=96&d=mm&r=g\",\"caption\":\"qase\"},\"sameAs\":[\"https:\\\/\\\/zonta.se\"],\"url\":\"https:\\\/\\\/zonta.se\\\/lv\\\/author\\\/qase\\\/\"}]}<\/script>\n<!-- \/ Yoast SEO plugin. -->","yoast_head_json":{"title":"Klimats \u2014 sievie\u0161u probl\u0113ma? \u2014 Zonta 21. rajons","robots":{"index":"index","follow":"follow","max-snippet":"max-snippet:-1","max-image-preview":"max-image-preview:large","max-video-preview":"max-video-preview:-1"},"canonical":"https:\/\/zonta.se\/lv\/klimatet-en-kvinnofraga\/","og_locale":"lv_LV","og_type":"article","og_title":"Klimatet - en kvinnofr\u00e5ga? - Zonta Distrikt 21","og_description":"M\u00f6t forskaren Lisen Schultz och journalisten Erica Treijs i ett digitalt samtal med Zonta om hur klimatf\u00f6r\u00e4ndringen p\u00e5verkar flickor och kvinnor - och om v\u00e5ra m\u00f6jligheter att bli en del av l\u00f6sningen.","og_url":"https:\/\/zonta.se\/lv\/klimatet-en-kvinnofraga\/","og_site_name":"Zonta Distrikt 21","article_published_time":"2021-10-16T14:00:29+00:00","article_modified_time":"2022-10-22T09:18:39+00:00","og_image":[{"width":1024,"height":576,"url":"https:\/\/zonta.se\/wp-content\/uploads\/2022\/08\/world-gc45fafbec_1920_wide-1024x576.jpg","type":"image\/jpeg"}],"author":"qase","twitter_card":"summary_large_image","twitter_misc":{"Written by":"qase","Est. reading time":"2 min\u016btes"},"schema":{"@context":"https:\/\/schema.org","@graph":[{"@type":"Article","@id":"https:\/\/zonta.se\/klimatet-en-kvinnofraga\/#article","isPartOf":{"@id":"https:\/\/zonta.se\/klimatet-en-kvinnofraga\/"},"author":{"name":"qase","@id":"https:\/\/zonta.se\/#\/schema\/person\/5a933829151e2e081eb10b2ddd457e3f"},"headline":"Klimatet &#8211; en kvinnofr\u00e5ga?","datePublished":"2021-10-16T14:00:29+00:00","dateModified":"2022-10-22T09:18:39+00:00","mainEntityOfPage":{"@id":"https:\/\/zonta.se\/klimatet-en-kvinnofraga\/"},"wordCount":237,"publisher":{"@id":"https:\/\/zonta.se\/#organization"},"image":{"@id":"https:\/\/zonta.se\/klimatet-en-kvinnofraga\/#primaryimage"},"thumbnailUrl":"https:\/\/zonta.se\/wp-content\/uploads\/2022\/08\/world-gc45fafbec_1920_wide-1024x576.jpg","keywords":["AJOUR","arkiv","klimatf\u00f6r\u00e4ndring"],"articleSection":["Uncategorized"],"inLanguage":"lv-LV"},{"@type":"WebPage","@id":"https:\/\/zonta.se\/klimatet-en-kvinnofraga\/","url":"https:\/\/zonta.se\/klimatet-en-kvinnofraga\/","name":"Klimats \u2014 sievie\u0161u probl\u0113ma? \u2014 Zonta 21. rajons","isPartOf":{"@id":"https:\/\/zonta.se\/#website"},"primaryImageOfPage":{"@id":"https:\/\/zonta.se\/klimatet-en-kvinnofraga\/#primaryimage"},"image":{"@id":"https:\/\/zonta.se\/klimatet-en-kvinnofraga\/#primaryimage"},"thumbnailUrl":"https:\/\/zonta.se\/wp-content\/uploads\/2022\/08\/world-gc45fafbec_1920_wide-1024x576.jpg","datePublished":"2021-10-16T14:00:29+00:00","dateModified":"2022-10-22T09:18:39+00:00","breadcrumb":{"@id":"https:\/\/zonta.se\/klimatet-en-kvinnofraga\/#breadcrumb"},"inLanguage":"lv-LV","potentialAction":[{"@type":"ReadAction","target":["https:\/\/zonta.se\/klimatet-en-kvinnofraga\/"]}]},{"@type":"ImageObject","inLanguage":"lv-LV","@id":"https:\/\/zonta.se\/klimatet-en-kvinnofraga\/#primaryimage","url":"https:\/\/zonta.se\/wp-content\/uploads\/2022\/08\/world-gc45fafbec_1920_wide-1024x576.jpg","contentUrl":"https:\/\/zonta.se\/wp-content\/uploads\/2022\/08\/world-gc45fafbec_1920_wide-1024x576.jpg","width":1024,"height":576},{"@type":"BreadcrumbList","@id":"https:\/\/zonta.se\/klimatet-en-kvinnofraga\/#breadcrumb","itemListElement":[{"@type":"ListItem","position":1,"name":"Hem","item":"https:\/\/zonta.se\/"},{"@type":"ListItem","position":2,"name":"Klimatet &#8211; en kvinnofr\u00e5ga?"}]},{"@type":"WebSite","@id":"https:\/\/zonta.se\/#website","url":"https:\/\/zonta.se\/","name":"Zontas rajons 21","description":"","publisher":{"@id":"https:\/\/zonta.se\/#organization"},"potentialAction":[{"@type":"SearchAction","target":{"@type":"EntryPoint","urlTemplate":"https:\/\/zonta.se\/?s={search_term_string}"},"query-input":{"@type":"PropertyValueSpecification","valueRequired":true,"valueName":"search_term_string"}}],"inLanguage":"lv-LV"},{"@type":"Organization","@id":"https:\/\/zonta.se\/#organization","name":"Zontas rajons 21","url":"https:\/\/zonta.se\/","logo":{"@type":"ImageObject","inLanguage":"lv-LV","@id":"https:\/\/zonta.se\/#\/schema\/logo\/image\/","url":"https:\/\/zonta.se\/wp-content\/uploads\/2022\/09\/zonta-logo-color-1.svg","contentUrl":"https:\/\/zonta.se\/wp-content\/uploads\/2022\/09\/zonta-logo-color-1.svg","width":1136,"height":355,"caption":"Zonta Distrikt 21"},"image":{"@id":"https:\/\/zonta.se\/#\/schema\/logo\/image\/"}},{"@type":"Person","@id":"https:\/\/zonta.se\/#\/schema\/person\/5a933829151e2e081eb10b2ddd457e3f","name":"lietu","image":{"@type":"ImageObject","inLanguage":"lv-LV","@id":"https:\/\/secure.gravatar.com\/avatar\/e952d592cbf71040295cb3baf1e73d321bdc68a38c20aeca4514b0daa9fd36f0?s=96&d=mm&r=g","url":"https:\/\/secure.gravatar.com\/avatar\/e952d592cbf71040295cb3baf1e73d321bdc68a38c20aeca4514b0daa9fd36f0?s=96&d=mm&r=g","contentUrl":"https:\/\/secure.gravatar.com\/avatar\/e952d592cbf71040295cb3baf1e73d321bdc68a38c20aeca4514b0daa9fd36f0?s=96&d=mm&r=g","caption":"qase"},"sameAs":["https:\/\/zonta.se"],"url":"https:\/\/zonta.se\/lv\/author\/qase\/"}]}},"_links":{"self":[{"href":"https:\/\/zonta.se\/lv\/wp-json\/wp\/v2\/posts\/36605","targetHints":{"allow":["GET"]}}],"collection":[{"href":"https:\/\/zonta.se\/lv\/wp-json\/wp\/v2\/posts"}],"about":[{"href":"https:\/\/zonta.se\/lv\/wp-json\/wp\/v2\/types\/post"}],"author":[{"embeddable":true,"href":"https:\/\/zonta.se\/lv\/wp-json\/wp\/v2\/users\/1"}],"replies":[{"embeddable":true,"href":"https:\/\/zonta.se\/lv\/wp-json\/wp\/v2\/comments?post=36605"}],"version-history":[{"count":5,"href":"https:\/\/zonta.se\/lv\/wp-json\/wp\/v2\/posts\/36605\/revisions"}],"predecessor-version":[{"id":46364,"href":"https:\/\/zonta.se\/lv\/wp-json\/wp\/v2\/posts\/36605\/revisions\/46364"}],"wp:featuredmedia":[{"embeddable":true,"href":"https:\/\/zonta.se\/lv\/wp-json\/wp\/v2\/media\/42986"}],"wp:attachment":[{"href":"https:\/\/zonta.se\/lv\/wp-json\/wp\/v2\/media?parent=36605"}],"wp:term":[{"taxonomy":"category","embeddable":true,"href":"https:\/\/zonta.se\/lv\/wp-json\/wp\/v2\/categories?post=36605"},{"taxonomy":"post_tag","embeddable":true,"href":"https:\/\/zonta.se\/lv\/wp-json\/wp\/v2\/tags?post=36605"}],"curies":[{"name":"wp","href":"https:\/\/api.w.org\/{rel}","templated":true}]}}