{"id":37755,"date":"2021-11-23T20:15:52","date_gmt":"2021-11-23T19:15:52","guid":{"rendered":"https:\/\/www.zonta.se\/?p=37755"},"modified":"2022-09-01T10:59:31","modified_gmt":"2022-09-01T08:59:31","slug":"zonta-sager-nej-till-vald-mot-kvinnor","status":"publish","type":"post","link":"https:\/\/zonta.se\/lv\/zonta-sager-nej-till-vald-mot-kvinnor\/","title":{"rendered":"Zonta saka N\u0112 vardarb\u012bbai pret sieviet\u0113m"},"content":{"rendered":"\n<p><strong>Zonta International \u00e4r en aktiv del i den v\u00e4rldsomsp\u00e4nnande \u00e5rliga 16 dagar l\u00e5nga kampanjen som FN kallar UNiTE To End Violence Against Women. I Sverige tar m\u00e5nga lokala klubbar tillf\u00e4llet i akt att sprida kunskap och ta st\u00e4llning mot v\u00e5ld mot kvinnor.<\/strong><\/p>\n\n\n\n<p>Den 25 november \u00e4r&nbsp;Internationella dagen f\u00f6r avskaffandet av v\u00e5ld mot kvinnor&nbsp;som \u00e4r starten p\u00e5&nbsp;16-dagarskampanjen, som avslutas den 10 december p\u00e5&nbsp;Internationella dagen f\u00f6r m\u00e4nskliga r\u00e4ttigheter.<\/p>\n\n\n\n<p>Det globala initiativet&nbsp;16 Days of Activism against Gender-Based Violence, 16 dagars aktivism mot k\u00f6nsbaserat v\u00e5ld, initierades redan 1991. FN-kampanjen startade 2008 och nu \u00e4r det regeringar, f\u00f6retag, organisationer, media, civilsamh\u00e4llet och privatpersoner \u00f6ver hela v\u00e4rlden som uppm\u00e4rksammar och tar st\u00e4llning mot v\u00e5ld mot kvinnor.&nbsp;<\/p>\n\n\n\n<p>\u00c5rets tema fr\u00e5n FN \u00e4r&nbsp;Orange the world: End violence against women now! Orange har blivit symbolf\u00e4rgen f\u00f6r att stoppa v\u00e5ldet mot kvinnor.&nbsp;The Orange Day&nbsp;var fr\u00e5n b\u00f6rjan den 25 november och \u00e4r nu den 25 i varje m\u00e5nad samt hela 16-dagarsperioden.<\/p>\n\n\n\n<h2 class=\"wp-block-heading\">Engagerade klubbar&nbsp;<\/h2>\n\n\n\n<p>M\u00e5nga Zontaklubbar kontaktar kommuner och fastighets\u00e4gare f\u00f6r att f\u00e5 byggnader, broar och annat upplysta i orange. F\u00f6redrag, utst\u00e4llningar, ljusmanifestationer, fackelt\u00e5g, tipspromenader, information i samband med sportevenemang \u2013 listan \u00f6ver aktiviteter runt om i landet \u00e4r l\u00e5ng.<\/p>\n\n\n\n<p>Klubbarna informerar p\u00e5 olika s\u00e4tt om v\u00e5ld mot kvinnor . De fasansfulla siffrorna i statistiken blir \u00e4nnu tydligare n\u00e4r antalet anm\u00e4lda v\u00e5ldsbrott till exempel illustreras med orangef\u00e4rgade skor eller band.<\/p>\n\n\n\n<h3 class=\"wp-block-heading\">Ins\u00e4ndare i lokal dagspress<\/h3>\n\n\n\n<p>Flera lokala dagstidningar har i dagarna publicerat ins\u00e4ndare fr\u00e5n en eller flera Zontaklubbar. Detta \u00e4r ett s\u00e4tt f\u00f6r Zonta att synligg\u00f6ra statistik \u00f6ver v\u00e5ldsbrott mot kvinnor p\u00e5 kommunniv\u00e5 under kampanjen.<\/p>\n\n\n\n\n\n\n<ul class=\"documentlist\">\n\n\n            <li>\n            <a href=\"https:\/\/zonta.se\/wp-content\/uploads\/2022\/08\/insandare_zonta_d21_211125-1.pdf\" title=\"Ins\u00e4ndare - Nu m\u00e5ste v\u00e5ldet mot kvinnor och flickor ta slut!\">\n                <span>Ins\u00e4ndare &#8211; Nu m\u00e5ste v\u00e5ldet mot kvinnor och flickor ta slut! (pdf, 0.2 MB)<\/span>\n            <\/a>\n        <\/li> \n            \n\n<\/ul>\n\n\n\n\n\n<h3 class=\"wp-block-heading\">Hitta en kampanjaktivitet n\u00e4ra dig<\/h3>\n\n\n\n<p>N\u00e5gra exempel p\u00e5 intressanta f\u00f6rel\u00e4sningar d\u00e4r allm\u00e4nheten \u00e4r inbjuden att delta:<\/p>\n\n\n\n<ul class=\"wp-block-list\"><li>Falun\u2013Borl\u00e4nge Zontaklubb arrangerar Ett slag g\u00f6r v\u00e4l inget p\u00e5 Kulturhuset tio14 i Falun den 25 november kl. 17:00\u201320:00. Med ljusmanifestation och en rad intressanta f\u00f6redrag.<\/li><li>\u00d6rebro Zontaklubb \u00e4r medarrang\u00f6r f\u00f6r f\u00f6rel\u00e4sningen \u201dV\u00e5ldsutsatt \u2013 det finns en v\u00e4g ut\u201d med Susanne Strand, docent i kriminologi, p\u00e5 \u00d6rebro universitet den 25 november kl. 18:00\u201319:30.<\/li><li>Lunds Zontaklubb arrangerar ett samtal mellan Kriscentrum, Zonta och Polisen i Lund om konsekvenser av v\u00e5ld i n\u00e4ra relationer och vad vi kan g\u00f6ra f\u00f6r barn och vuxna som drabbas, den 30 november kl. 12:00\u201313:00 p\u00e5 Stadsbiblioteket.<\/li><li> <p>Zontaklubbarna i och runt G\u00f6teborg \u00e4r medarrang\u00f6r av tv\u00e5 webbinarier. Det f\u00f6rsta \u00e4ger rum <a href=\"https:\/\/www.facebook.com\/events\/969468533601507?ref=newsfeed\" target=\"_blank\" rel=\"noreferrer noopener nofollow\">den 24 november kl. 18:00 och d\u00e5 f\u00f6rel\u00e4ser Lisa Rudolfsson om sin artikel \u201dAt least I tried\u201d, med fokus p\u00e5 polisens bem\u00f6tande av kvinnor som har utsatts f\u00f6r v\u00e5ldt\u00e4kt.<\/a> Det andra webbinariet startar <a href=\"https:\/\/www.facebook.com\/events\/1968946046639291\/?acontext=%7B%22event_action_history%22%3A[%7B%22surface%22%3A%22external_search_engine%22%7D%2C%7B%22mechanism%22%3A%22your_upcoming_events_unit%22%2C%22surface%22%3A%22bookmark%22%7D]%2C%22ref_notif_type%22%3Anull%7D\" target=\"_blank\" rel=\"noreferrer noopener nofollow\">den 1 december kl. 11:45 och handlar om barns utsatthet p\u00e5 n\u00e4tet <\/a>och f\u00f6rel\u00e4sare \u00e4r Caroline Engvall.<\/p><\/li><\/ul>\n\n\n\n<p><strong><a href=\"https:\/\/www.facebook.com\/ZontaInternationalDistrict21\" target=\"_blank\" rel=\"noreferrer noopener nofollow\">Mer information om det som h\u00e4nder under kampanjen hittar du p\u00e5 v\u00e5r Facebooksida<\/a><\/strong>.<\/p>\n","protected":false},"excerpt":{"rendered":"<p>25. novembris ir Starptautisk\u0101 diena vardarb\u012bbas pret sieviet\u0113m izskau\u0161anai. Tas ir ar\u012b s\u0101kums 16 dienu kampa\u0146ai, kas nosl\u0113dzas Starptautiskaj\u0101 cilv\u0113kties\u012bbu dien\u0101 10. decembr\u012b.<\/p>","protected":false},"author":1,"featured_media":37294,"comment_status":"closed","ping_status":"closed","sticky":false,"template":"","format":"standard","meta":{"_acf_changed":false,"footnotes":""},"categories":[1],"tags":[18,10,42],"class_list":["post-37755","post","type-post","status-publish","format-standard","has-post-thumbnail","hentry","category-uncategorized","tag-ajour","tag-arkiv","tag-konsbaserat-vald"],"acf":[],"yoast_head":"<!-- This site is optimized with the Yoast SEO plugin v27.4 - https:\/\/yoast.com\/product\/yoast-seo-wordpress\/ -->\n<title>Zonta s\u00e4ger NEJ till v\u00e5ld mot kvinnor - Zonta Distrikt 21<\/title>\n<meta name=\"robots\" content=\"index, follow, max-snippet:-1, max-image-preview:large, max-video-preview:-1\" \/>\n<link rel=\"canonical\" href=\"https:\/\/zonta.se\/lv\/zonta-sager-nej-till-vald-mot-kvinnor\/\" \/>\n<meta property=\"og:locale\" content=\"lv_LV\" \/>\n<meta property=\"og:type\" content=\"article\" \/>\n<meta property=\"og:title\" content=\"Zonta s\u00e4ger NEJ till v\u00e5ld mot kvinnor - Zonta Distrikt 21\" \/>\n<meta property=\"og:description\" content=\"Den 25 november \u00e4r Internationella dagen f\u00f6r avskaffandet av v\u00e5ld mot kvinnor. Det \u00e4r ocks\u00e5 starten p\u00e5 16-dagarskampanjen, som avslutas p\u00e5 Internationella dagen f\u00f6r m\u00e4nskliga r\u00e4ttigheter den 10 december.\" \/>\n<meta property=\"og:url\" content=\"https:\/\/zonta.se\/lv\/zonta-sager-nej-till-vald-mot-kvinnor\/\" \/>\n<meta property=\"og:site_name\" content=\"Zonta Distrikt 21\" \/>\n<meta property=\"article:published_time\" content=\"2021-11-23T19:15:52+00:00\" \/>\n<meta property=\"article:modified_time\" content=\"2022-09-01T08:59:31+00:00\" \/>\n<meta property=\"og:image\" content=\"https:\/\/zonta.se\/wp-content\/uploads\/2021\/11\/shutterstock_1445930672_web_wide.jpg\" \/>\n\t<meta property=\"og:image:width\" content=\"1280\" \/>\n\t<meta property=\"og:image:height\" content=\"720\" \/>\n\t<meta property=\"og:image:type\" content=\"image\/jpeg\" \/>\n<meta name=\"author\" content=\"qase\" \/>\n<meta name=\"twitter:card\" content=\"summary_large_image\" \/>\n<meta name=\"twitter:label1\" content=\"Written by\" \/>\n\t<meta name=\"twitter:data1\" content=\"qase\" \/>\n\t<meta name=\"twitter:label2\" content=\"Est. reading time\" \/>\n\t<meta name=\"twitter:data2\" content=\"3 min\u016btes\" \/>\n<script type=\"application\/ld+json\" class=\"yoast-schema-graph\">{\"@context\":\"https:\\\/\\\/schema.org\",\"@graph\":[{\"@type\":\"Article\",\"@id\":\"https:\\\/\\\/zonta.se\\\/zonta-sager-nej-till-vald-mot-kvinnor\\\/#article\",\"isPartOf\":{\"@id\":\"https:\\\/\\\/zonta.se\\\/zonta-sager-nej-till-vald-mot-kvinnor\\\/\"},\"author\":{\"name\":\"qase\",\"@id\":\"https:\\\/\\\/zonta.se\\\/#\\\/schema\\\/person\\\/5a933829151e2e081eb10b2ddd457e3f\"},\"headline\":\"Zonta s\u00e4ger NEJ till v\u00e5ld mot kvinnor\",\"datePublished\":\"2021-11-23T19:15:52+00:00\",\"dateModified\":\"2022-09-01T08:59:31+00:00\",\"mainEntityOfPage\":{\"@id\":\"https:\\\/\\\/zonta.se\\\/zonta-sager-nej-till-vald-mot-kvinnor\\\/\"},\"wordCount\":521,\"publisher\":{\"@id\":\"https:\\\/\\\/zonta.se\\\/#organization\"},\"image\":{\"@id\":\"https:\\\/\\\/zonta.se\\\/zonta-sager-nej-till-vald-mot-kvinnor\\\/#primaryimage\"},\"thumbnailUrl\":\"https:\\\/\\\/zonta.se\\\/wp-content\\\/uploads\\\/2021\\\/11\\\/shutterstock_1445930672_web_wide.jpg\",\"keywords\":[\"AJOUR\",\"arkiv\",\"k\u00f6nsbaserat v\u00e5ld\"],\"articleSection\":[\"Uncategorized\"],\"inLanguage\":\"lv-LV\"},{\"@type\":\"WebPage\",\"@id\":\"https:\\\/\\\/zonta.se\\\/zonta-sager-nej-till-vald-mot-kvinnor\\\/\",\"url\":\"https:\\\/\\\/zonta.se\\\/zonta-sager-nej-till-vald-mot-kvinnor\\\/\",\"name\":\"Zonta s\u00e4ger NEJ till v\u00e5ld mot kvinnor - Zonta Distrikt 21\",\"isPartOf\":{\"@id\":\"https:\\\/\\\/zonta.se\\\/#website\"},\"primaryImageOfPage\":{\"@id\":\"https:\\\/\\\/zonta.se\\\/zonta-sager-nej-till-vald-mot-kvinnor\\\/#primaryimage\"},\"image\":{\"@id\":\"https:\\\/\\\/zonta.se\\\/zonta-sager-nej-till-vald-mot-kvinnor\\\/#primaryimage\"},\"thumbnailUrl\":\"https:\\\/\\\/zonta.se\\\/wp-content\\\/uploads\\\/2021\\\/11\\\/shutterstock_1445930672_web_wide.jpg\",\"datePublished\":\"2021-11-23T19:15:52+00:00\",\"dateModified\":\"2022-09-01T08:59:31+00:00\",\"breadcrumb\":{\"@id\":\"https:\\\/\\\/zonta.se\\\/zonta-sager-nej-till-vald-mot-kvinnor\\\/#breadcrumb\"},\"inLanguage\":\"lv-LV\",\"potentialAction\":[{\"@type\":\"ReadAction\",\"target\":[\"https:\\\/\\\/zonta.se\\\/zonta-sager-nej-till-vald-mot-kvinnor\\\/\"]}]},{\"@type\":\"ImageObject\",\"inLanguage\":\"lv-LV\",\"@id\":\"https:\\\/\\\/zonta.se\\\/zonta-sager-nej-till-vald-mot-kvinnor\\\/#primaryimage\",\"url\":\"https:\\\/\\\/zonta.se\\\/wp-content\\\/uploads\\\/2021\\\/11\\\/shutterstock_1445930672_web_wide.jpg\",\"contentUrl\":\"https:\\\/\\\/zonta.se\\\/wp-content\\\/uploads\\\/2021\\\/11\\\/shutterstock_1445930672_web_wide.jpg\",\"width\":1280,\"height\":720,\"caption\":\"Foto: KieferPix\\\/shutterstock.com\"},{\"@type\":\"BreadcrumbList\",\"@id\":\"https:\\\/\\\/zonta.se\\\/zonta-sager-nej-till-vald-mot-kvinnor\\\/#breadcrumb\",\"itemListElement\":[{\"@type\":\"ListItem\",\"position\":1,\"name\":\"Hem\",\"item\":\"https:\\\/\\\/zonta.se\\\/\"},{\"@type\":\"ListItem\",\"position\":2,\"name\":\"Zonta s\u00e4ger NEJ till v\u00e5ld mot kvinnor\"}]},{\"@type\":\"WebSite\",\"@id\":\"https:\\\/\\\/zonta.se\\\/#website\",\"url\":\"https:\\\/\\\/zonta.se\\\/\",\"name\":\"Zonta Distrikt 21\",\"description\":\"\",\"publisher\":{\"@id\":\"https:\\\/\\\/zonta.se\\\/#organization\"},\"potentialAction\":[{\"@type\":\"SearchAction\",\"target\":{\"@type\":\"EntryPoint\",\"urlTemplate\":\"https:\\\/\\\/zonta.se\\\/?s={search_term_string}\"},\"query-input\":{\"@type\":\"PropertyValueSpecification\",\"valueRequired\":true,\"valueName\":\"search_term_string\"}}],\"inLanguage\":\"lv-LV\"},{\"@type\":\"Organization\",\"@id\":\"https:\\\/\\\/zonta.se\\\/#organization\",\"name\":\"Zonta Distrikt 21\",\"url\":\"https:\\\/\\\/zonta.se\\\/\",\"logo\":{\"@type\":\"ImageObject\",\"inLanguage\":\"lv-LV\",\"@id\":\"https:\\\/\\\/zonta.se\\\/#\\\/schema\\\/logo\\\/image\\\/\",\"url\":\"https:\\\/\\\/zonta.se\\\/wp-content\\\/uploads\\\/2022\\\/09\\\/zonta-logo-color-1.svg\",\"contentUrl\":\"https:\\\/\\\/zonta.se\\\/wp-content\\\/uploads\\\/2022\\\/09\\\/zonta-logo-color-1.svg\",\"width\":1136,\"height\":355,\"caption\":\"Zonta Distrikt 21\"},\"image\":{\"@id\":\"https:\\\/\\\/zonta.se\\\/#\\\/schema\\\/logo\\\/image\\\/\"}},{\"@type\":\"Person\",\"@id\":\"https:\\\/\\\/zonta.se\\\/#\\\/schema\\\/person\\\/5a933829151e2e081eb10b2ddd457e3f\",\"name\":\"qase\",\"image\":{\"@type\":\"ImageObject\",\"inLanguage\":\"lv-LV\",\"@id\":\"https:\\\/\\\/secure.gravatar.com\\\/avatar\\\/e952d592cbf71040295cb3baf1e73d321bdc68a38c20aeca4514b0daa9fd36f0?s=96&d=mm&r=g\",\"url\":\"https:\\\/\\\/secure.gravatar.com\\\/avatar\\\/e952d592cbf71040295cb3baf1e73d321bdc68a38c20aeca4514b0daa9fd36f0?s=96&d=mm&r=g\",\"contentUrl\":\"https:\\\/\\\/secure.gravatar.com\\\/avatar\\\/e952d592cbf71040295cb3baf1e73d321bdc68a38c20aeca4514b0daa9fd36f0?s=96&d=mm&r=g\",\"caption\":\"qase\"},\"sameAs\":[\"https:\\\/\\\/zonta.se\"],\"url\":\"https:\\\/\\\/zonta.se\\\/lv\\\/author\\\/qase\\\/\"}]}<\/script>\n<!-- \/ Yoast SEO plugin. -->","yoast_head_json":{"title":"Zonta saka N\u0112 vardarb\u012bbai pret sieviet\u0113m \u2014 Zonta 21. rajons","robots":{"index":"index","follow":"follow","max-snippet":"max-snippet:-1","max-image-preview":"max-image-preview:large","max-video-preview":"max-video-preview:-1"},"canonical":"https:\/\/zonta.se\/lv\/zonta-sager-nej-till-vald-mot-kvinnor\/","og_locale":"lv_LV","og_type":"article","og_title":"Zonta s\u00e4ger NEJ till v\u00e5ld mot kvinnor - Zonta Distrikt 21","og_description":"Den 25 november \u00e4r Internationella dagen f\u00f6r avskaffandet av v\u00e5ld mot kvinnor. Det \u00e4r ocks\u00e5 starten p\u00e5 16-dagarskampanjen, som avslutas p\u00e5 Internationella dagen f\u00f6r m\u00e4nskliga r\u00e4ttigheter den 10 december.","og_url":"https:\/\/zonta.se\/lv\/zonta-sager-nej-till-vald-mot-kvinnor\/","og_site_name":"Zonta Distrikt 21","article_published_time":"2021-11-23T19:15:52+00:00","article_modified_time":"2022-09-01T08:59:31+00:00","og_image":[{"width":1280,"height":720,"url":"https:\/\/zonta.se\/wp-content\/uploads\/2021\/11\/shutterstock_1445930672_web_wide.jpg","type":"image\/jpeg"}],"author":"qase","twitter_card":"summary_large_image","twitter_misc":{"Written by":"qase","Est. reading time":"3 min\u016btes"},"schema":{"@context":"https:\/\/schema.org","@graph":[{"@type":"Article","@id":"https:\/\/zonta.se\/zonta-sager-nej-till-vald-mot-kvinnor\/#article","isPartOf":{"@id":"https:\/\/zonta.se\/zonta-sager-nej-till-vald-mot-kvinnor\/"},"author":{"name":"qase","@id":"https:\/\/zonta.se\/#\/schema\/person\/5a933829151e2e081eb10b2ddd457e3f"},"headline":"Zonta s\u00e4ger NEJ till v\u00e5ld mot kvinnor","datePublished":"2021-11-23T19:15:52+00:00","dateModified":"2022-09-01T08:59:31+00:00","mainEntityOfPage":{"@id":"https:\/\/zonta.se\/zonta-sager-nej-till-vald-mot-kvinnor\/"},"wordCount":521,"publisher":{"@id":"https:\/\/zonta.se\/#organization"},"image":{"@id":"https:\/\/zonta.se\/zonta-sager-nej-till-vald-mot-kvinnor\/#primaryimage"},"thumbnailUrl":"https:\/\/zonta.se\/wp-content\/uploads\/2021\/11\/shutterstock_1445930672_web_wide.jpg","keywords":["AJOUR","arkiv","k\u00f6nsbaserat v\u00e5ld"],"articleSection":["Uncategorized"],"inLanguage":"lv-LV"},{"@type":"WebPage","@id":"https:\/\/zonta.se\/zonta-sager-nej-till-vald-mot-kvinnor\/","url":"https:\/\/zonta.se\/zonta-sager-nej-till-vald-mot-kvinnor\/","name":"Zonta saka N\u0112 vardarb\u012bbai pret sieviet\u0113m \u2014 Zonta 21. rajons","isPartOf":{"@id":"https:\/\/zonta.se\/#website"},"primaryImageOfPage":{"@id":"https:\/\/zonta.se\/zonta-sager-nej-till-vald-mot-kvinnor\/#primaryimage"},"image":{"@id":"https:\/\/zonta.se\/zonta-sager-nej-till-vald-mot-kvinnor\/#primaryimage"},"thumbnailUrl":"https:\/\/zonta.se\/wp-content\/uploads\/2021\/11\/shutterstock_1445930672_web_wide.jpg","datePublished":"2021-11-23T19:15:52+00:00","dateModified":"2022-09-01T08:59:31+00:00","breadcrumb":{"@id":"https:\/\/zonta.se\/zonta-sager-nej-till-vald-mot-kvinnor\/#breadcrumb"},"inLanguage":"lv-LV","potentialAction":[{"@type":"ReadAction","target":["https:\/\/zonta.se\/zonta-sager-nej-till-vald-mot-kvinnor\/"]}]},{"@type":"ImageObject","inLanguage":"lv-LV","@id":"https:\/\/zonta.se\/zonta-sager-nej-till-vald-mot-kvinnor\/#primaryimage","url":"https:\/\/zonta.se\/wp-content\/uploads\/2021\/11\/shutterstock_1445930672_web_wide.jpg","contentUrl":"https:\/\/zonta.se\/wp-content\/uploads\/2021\/11\/shutterstock_1445930672_web_wide.jpg","width":1280,"height":720,"caption":"Foto: KieferPix\/shutterstock.com"},{"@type":"BreadcrumbList","@id":"https:\/\/zonta.se\/zonta-sager-nej-till-vald-mot-kvinnor\/#breadcrumb","itemListElement":[{"@type":"ListItem","position":1,"name":"Hem","item":"https:\/\/zonta.se\/"},{"@type":"ListItem","position":2,"name":"Zonta s\u00e4ger NEJ till v\u00e5ld mot kvinnor"}]},{"@type":"WebSite","@id":"https:\/\/zonta.se\/#website","url":"https:\/\/zonta.se\/","name":"Zontas rajons 21","description":"","publisher":{"@id":"https:\/\/zonta.se\/#organization"},"potentialAction":[{"@type":"SearchAction","target":{"@type":"EntryPoint","urlTemplate":"https:\/\/zonta.se\/?s={search_term_string}"},"query-input":{"@type":"PropertyValueSpecification","valueRequired":true,"valueName":"search_term_string"}}],"inLanguage":"lv-LV"},{"@type":"Organization","@id":"https:\/\/zonta.se\/#organization","name":"Zontas rajons 21","url":"https:\/\/zonta.se\/","logo":{"@type":"ImageObject","inLanguage":"lv-LV","@id":"https:\/\/zonta.se\/#\/schema\/logo\/image\/","url":"https:\/\/zonta.se\/wp-content\/uploads\/2022\/09\/zonta-logo-color-1.svg","contentUrl":"https:\/\/zonta.se\/wp-content\/uploads\/2022\/09\/zonta-logo-color-1.svg","width":1136,"height":355,"caption":"Zonta Distrikt 21"},"image":{"@id":"https:\/\/zonta.se\/#\/schema\/logo\/image\/"}},{"@type":"Person","@id":"https:\/\/zonta.se\/#\/schema\/person\/5a933829151e2e081eb10b2ddd457e3f","name":"lietu","image":{"@type":"ImageObject","inLanguage":"lv-LV","@id":"https:\/\/secure.gravatar.com\/avatar\/e952d592cbf71040295cb3baf1e73d321bdc68a38c20aeca4514b0daa9fd36f0?s=96&d=mm&r=g","url":"https:\/\/secure.gravatar.com\/avatar\/e952d592cbf71040295cb3baf1e73d321bdc68a38c20aeca4514b0daa9fd36f0?s=96&d=mm&r=g","contentUrl":"https:\/\/secure.gravatar.com\/avatar\/e952d592cbf71040295cb3baf1e73d321bdc68a38c20aeca4514b0daa9fd36f0?s=96&d=mm&r=g","caption":"qase"},"sameAs":["https:\/\/zonta.se"],"url":"https:\/\/zonta.se\/lv\/author\/qase\/"}]}},"_links":{"self":[{"href":"https:\/\/zonta.se\/lv\/wp-json\/wp\/v2\/posts\/37755","targetHints":{"allow":["GET"]}}],"collection":[{"href":"https:\/\/zonta.se\/lv\/wp-json\/wp\/v2\/posts"}],"about":[{"href":"https:\/\/zonta.se\/lv\/wp-json\/wp\/v2\/types\/post"}],"author":[{"embeddable":true,"href":"https:\/\/zonta.se\/lv\/wp-json\/wp\/v2\/users\/1"}],"replies":[{"embeddable":true,"href":"https:\/\/zonta.se\/lv\/wp-json\/wp\/v2\/comments?post=37755"}],"version-history":[{"count":9,"href":"https:\/\/zonta.se\/lv\/wp-json\/wp\/v2\/posts\/37755\/revisions"}],"predecessor-version":[{"id":43861,"href":"https:\/\/zonta.se\/lv\/wp-json\/wp\/v2\/posts\/37755\/revisions\/43861"}],"wp:featuredmedia":[{"embeddable":true,"href":"https:\/\/zonta.se\/lv\/wp-json\/wp\/v2\/media\/37294"}],"wp:attachment":[{"href":"https:\/\/zonta.se\/lv\/wp-json\/wp\/v2\/media?parent=37755"}],"wp:term":[{"taxonomy":"category","embeddable":true,"href":"https:\/\/zonta.se\/lv\/wp-json\/wp\/v2\/categories?post=37755"},{"taxonomy":"post_tag","embeddable":true,"href":"https:\/\/zonta.se\/lv\/wp-json\/wp\/v2\/tags?post=37755"}],"curies":[{"name":"wp","href":"https:\/\/api.w.org\/{rel}","templated":true}]}}