{"id":40437,"date":"2022-03-08T04:00:54","date_gmt":"2022-03-08T03:00:54","guid":{"rendered":"https:\/\/www.zonta.se\/?p=40437"},"modified":"2022-09-01T10:59:23","modified_gmt":"2022-09-01T08:59:23","slug":"dags-att-uppna-jamstalldhet-pa-riktigt","status":"publish","type":"post","link":"https:\/\/zonta.se\/lv\/dags-att-uppna-jamstalldhet-pa-riktigt\/","title":{"rendered":"Laiks pan\u0101kt \u012bstu dzimumu l\u012bdzties\u012bbu!"},"content":{"rendered":"<h2 class=\"wp-block-heading\">Zontas 21. apgabals Starptautiskaj\u0101 sievie\u0161u dien\u0101 \u2013 laiks pan\u0101kt vienl\u012bdz\u012bbu un visu sievie\u0161u iesp\u0113ju palielin\u0101\u0161anu pa \u012bstam!\u00a0<\/h2>\n\n\n\n<p><strong>Starptautiskaj\u0101 sievie\u0161u dien\u0101 8. mart\u0101 v\u0113lamies izcelt piekto no ANO glob\u0101lajiem m\u0113r\u0137iem, kuru m\u0113r\u0137is ir pan\u0101kt visu sievie\u0161u un meite\u0146u l\u012bdzties\u012bbu un iesp\u0113ju palielin\u0101\u0161anu.\u00a0<\/strong>\u00a0<\/p>\n\n\n\n<p>Vienl\u012bdz\u012bbas iest\u0101de raksta:<\/p>\n\n\n\n<p><em>\u201cZviedrij\u0101 sieviet\u0113m un v\u012brie\u0161iem ir j\u0101b\u016bt vien\u0101d\u0101m sp\u0113j\u0101m veidot sabiedr\u012bbu un savu dz\u012bvi. Vienl\u012bdz\u012bbas darbs attiecas uz varas, ietekmes, finan\u0161u, vesel\u012bbas, izgl\u012bt\u012bbas, darba un fizisk\u0101s integrit\u0101tes jaut\u0101jumiem. <\/em><\/p>\n\n\n\n<p><strong><a href=\"https:\/\/www.globalamalen.se\/om-globala-malen\/mal-5-jamstalldhet\/\" target=\"_blank\" rel=\"noreferrer noopener nofollow\"><img loading=\"lazy\" decoding=\"async\" width=\"200\" height=\"200\" src=\"https:\/\/zonta.se\/wp-content\/uploads\/2022\/08\/TheGlobalGoals_Icons_Color_Goal_5-150x150.png\" alt=\"Logotyp f\u00f6r m\u00e5l nummer fem av FN:s 17 globala m\u00e5len.\"><\/a><\/strong><\/p>\n\n\n\n<p>S\u012bk\u0101ka \u0161o jomu izp\u0113te liecina, ka dar\u0101m\u0101 ir vair\u0101k.<\/p>\n\n\n\n<p>Jo vair\u0101k varas un ietekmes cilv\u0113kam ir biznes\u0101, augst\u0101kaj\u0101 izgl\u012bt\u012bb\u0101 vai jebkur\u0101 cit\u0101 organiz\u0101cij\u0101, jo liel\u0101ka iesp\u0113ja, ka \u0161\u012b persona ir v\u012brietis. Lai gan v\u012brie\u0161u un sievie\u0161u algu at\u0161\u0137ir\u012bbas samazin\u0101s, sievie\u0161u r\u012bc\u012bb\u0101 eso\u0161ie ien\u0101kumi joproj\u0101m ir par aptuveni 20 procentiem zem\u0101ki nek\u0101 v\u012brie\u0161u ien\u0101kumi.<\/p>\n\n\n\n<p>Iemesli ir labi zin\u0101mi \u2013 sievietes vair\u0101k str\u0101d\u0101 nepilnu slodzi, ilg\u0101k nek\u0101 v\u012brie\u0161i atrodas b\u0113rna kop\u0161anas atva\u013cin\u0101jum\u0101, str\u0101d\u0101 zemu atalgojumu profesij\u0101s un vi\u0146iem ir augst\u0101ki slim\u012bbas promb\u016btnes r\u0101d\u012bt\u0101ji. Tas noz\u012bm\u0113, ka ar\u012b sieviet\u0113m pensija ir maz\u0101ka.<\/p>\n\n\n\n<p>Vienl\u012bdz\u012bbas iest\u0101de raksta:<\/p>\n\n\n\n<p><em>\u00abV\u012brie\u0161u vardarb\u012bbu pret sieviet\u0113m var uzskat\u012bt par nevienl\u012bdz\u012bgas sabiedr\u012bbas gal\u012bgaj\u0101m sek\u0101m. Papildus cietu\u0161\u0101 cie\u0161an\u0101m vardarb\u012bba skar ar\u012b tuviniekus un lielas izmaksas sabiedr\u012bbai. Ir svar\u012bgi str\u0101d\u0101t, lai nov\u0113rstu vardarb\u012bbu un laic\u012bgi atkl\u0101tu vardarb\u012bbu, lai nodro\u0161in\u0101tu aizsardz\u012bbu un atbalstu.&quot;<\/em><\/p>\n\n\n\n<p>P\u0101rmai\u0146\u0101m ir nepiecie\u0161ama ap\u0146em\u0161an\u0101s un att\u012bst\u012bbas darbs, kur\u0101 piedal\u0101s gan v\u012brie\u0161i, gan sievietes.<\/p>\n\n\n\n<p>Zonta neatlaid\u012bgi str\u0101d\u0101 sievie\u0161u un meite\u0146u vesel\u012bbas, izgl\u012bt\u012bbas un finan\u0161u jom\u0101 viet\u0113j\u0101 un vis\u0101 pasaul\u0113. Lai sasniegtu ambiciozu m\u0113r\u0137i, ir nepiecie\u0161ams daudz vair\u0101k, lai aizst\u0101v\u0113tu Zviedrijas sievietes un meitenes \u2013 iesaistieties!<\/p>","protected":false},"excerpt":{"rendered":"<p>Starptautiskaj\u0101 sievie\u0161u dien\u0101 8. mart\u0101 Zonta Zviedrij\u0101 un Latvij\u0101 izce\u013c piekto no ANO glob\u0101lajiem m\u0113r\u0137iem, kuru m\u0113r\u0137is ir pan\u0101kt dzimumu l\u012bdzties\u012bbu un visu sievie\u0161u un meite\u0146u iesp\u0113ju nodro\u0161in\u0101\u0161anu. <\/p>","protected":false},"author":1,"featured_media":40438,"comment_status":"closed","ping_status":"closed","sticky":false,"template":"","format":"standard","meta":{"_acf_changed":false,"footnotes":""},"categories":[1],"tags":[18,10,21,22],"class_list":["post-40437","post","type-post","status-publish","format-standard","has-post-thumbnail","hentry","category-uncategorized","tag-ajour","tag-arkiv","tag-insandare","tag-internationella-kvinnodagen"],"acf":[],"yoast_head":"<!-- This site is optimized with the Yoast SEO plugin v27.4 - https:\/\/yoast.com\/product\/yoast-seo-wordpress\/ -->\n<title>Dags att uppn\u00e5 j\u00e4mst\u00e4lldhet p\u00e5 riktigt! - Zonta Distrikt 21<\/title>\n<meta name=\"robots\" content=\"index, follow, max-snippet:-1, max-image-preview:large, max-video-preview:-1\" \/>\n<link rel=\"canonical\" href=\"https:\/\/zonta.se\/lv\/dags-att-uppna-jamstalldhet-pa-riktigt\/\" \/>\n<meta property=\"og:locale\" content=\"lv_LV\" \/>\n<meta property=\"og:type\" content=\"article\" \/>\n<meta property=\"og:title\" content=\"Dags att uppn\u00e5 j\u00e4mst\u00e4lldhet p\u00e5 riktigt! - Zonta Distrikt 21\" \/>\n<meta property=\"og:description\" content=\"P\u00e5 internationella kvinnodagen den 8 mars lyfter Zonta i Sverige och Lettland fram det femte av FN:s globala m\u00e5l, som syftar till att uppn\u00e5 j\u00e4mst\u00e4lldhet och alla kvinnors och flickors egenmakt.\" \/>\n<meta property=\"og:url\" content=\"https:\/\/zonta.se\/lv\/dags-att-uppna-jamstalldhet-pa-riktigt\/\" \/>\n<meta property=\"og:site_name\" content=\"Zonta Distrikt 21\" \/>\n<meta property=\"article:published_time\" content=\"2022-03-08T03:00:54+00:00\" \/>\n<meta property=\"article:modified_time\" content=\"2022-09-01T08:59:23+00:00\" \/>\n<meta property=\"og:image\" content=\"https:\/\/zonta.se\/wp-content\/uploads\/2022\/03\/pexels-cottonbro-equalaity-lowres.jpg\" \/>\n\t<meta property=\"og:image:width\" content=\"1280\" \/>\n\t<meta property=\"og:image:height\" content=\"720\" \/>\n\t<meta property=\"og:image:type\" content=\"image\/jpeg\" \/>\n<meta name=\"author\" content=\"qase\" \/>\n<meta name=\"twitter:card\" content=\"summary_large_image\" \/>\n<meta name=\"twitter:label1\" content=\"Written by\" \/>\n\t<meta name=\"twitter:data1\" content=\"qase\" \/>\n\t<meta name=\"twitter:label2\" content=\"Est. reading time\" \/>\n\t<meta name=\"twitter:data2\" content=\"2 min\u016btes\" \/>\n<script type=\"application\/ld+json\" class=\"yoast-schema-graph\">{\"@context\":\"https:\\\/\\\/schema.org\",\"@graph\":[{\"@type\":\"Article\",\"@id\":\"https:\\\/\\\/zonta.se\\\/en\\\/dags-att-uppna-jamstalldhet-pa-riktigt\\\/#article\",\"isPartOf\":{\"@id\":\"https:\\\/\\\/zonta.se\\\/en\\\/dags-att-uppna-jamstalldhet-pa-riktigt\\\/\"},\"author\":{\"name\":\"qase\",\"@id\":\"https:\\\/\\\/zonta.se\\\/#\\\/schema\\\/person\\\/5a933829151e2e081eb10b2ddd457e3f\"},\"headline\":\"Dags att uppn\u00e5 j\u00e4mst\u00e4lldhet p\u00e5 riktigt!\",\"datePublished\":\"2022-03-08T03:00:54+00:00\",\"dateModified\":\"2022-09-01T08:59:23+00:00\",\"mainEntityOfPage\":{\"@id\":\"https:\\\/\\\/zonta.se\\\/en\\\/dags-att-uppna-jamstalldhet-pa-riktigt\\\/\"},\"wordCount\":345,\"publisher\":{\"@id\":\"https:\\\/\\\/zonta.se\\\/#organization\"},\"image\":{\"@id\":\"https:\\\/\\\/zonta.se\\\/en\\\/dags-att-uppna-jamstalldhet-pa-riktigt\\\/#primaryimage\"},\"thumbnailUrl\":\"https:\\\/\\\/zonta.se\\\/wp-content\\\/uploads\\\/2022\\\/03\\\/pexels-cottonbro-equalaity-lowres.jpg\",\"keywords\":[\"AJOUR\",\"arkiv\",\"ins\u00e4ndare\",\"internationella kvinnodagen\"],\"articleSection\":[\"Uncategorized\"],\"inLanguage\":\"lv-LV\"},{\"@type\":\"WebPage\",\"@id\":\"https:\\\/\\\/zonta.se\\\/en\\\/dags-att-uppna-jamstalldhet-pa-riktigt\\\/\",\"url\":\"https:\\\/\\\/zonta.se\\\/en\\\/dags-att-uppna-jamstalldhet-pa-riktigt\\\/\",\"name\":\"Dags att uppn\u00e5 j\u00e4mst\u00e4lldhet p\u00e5 riktigt! - Zonta Distrikt 21\",\"isPartOf\":{\"@id\":\"https:\\\/\\\/zonta.se\\\/#website\"},\"primaryImageOfPage\":{\"@id\":\"https:\\\/\\\/zonta.se\\\/en\\\/dags-att-uppna-jamstalldhet-pa-riktigt\\\/#primaryimage\"},\"image\":{\"@id\":\"https:\\\/\\\/zonta.se\\\/en\\\/dags-att-uppna-jamstalldhet-pa-riktigt\\\/#primaryimage\"},\"thumbnailUrl\":\"https:\\\/\\\/zonta.se\\\/wp-content\\\/uploads\\\/2022\\\/03\\\/pexels-cottonbro-equalaity-lowres.jpg\",\"datePublished\":\"2022-03-08T03:00:54+00:00\",\"dateModified\":\"2022-09-01T08:59:23+00:00\",\"breadcrumb\":{\"@id\":\"https:\\\/\\\/zonta.se\\\/en\\\/dags-att-uppna-jamstalldhet-pa-riktigt\\\/#breadcrumb\"},\"inLanguage\":\"lv-LV\",\"potentialAction\":[{\"@type\":\"ReadAction\",\"target\":[\"https:\\\/\\\/zonta.se\\\/en\\\/dags-att-uppna-jamstalldhet-pa-riktigt\\\/\"]}]},{\"@type\":\"ImageObject\",\"inLanguage\":\"lv-LV\",\"@id\":\"https:\\\/\\\/zonta.se\\\/en\\\/dags-att-uppna-jamstalldhet-pa-riktigt\\\/#primaryimage\",\"url\":\"https:\\\/\\\/zonta.se\\\/wp-content\\\/uploads\\\/2022\\\/03\\\/pexels-cottonbro-equalaity-lowres.jpg\",\"contentUrl\":\"https:\\\/\\\/zonta.se\\\/wp-content\\\/uploads\\\/2022\\\/03\\\/pexels-cottonbro-equalaity-lowres.jpg\",\"width\":1280,\"height\":720,\"caption\":\"Sex unga m\u00e4nniskor i vita kl\u00e4der p\u00e5 rad med ryggarna mot en m\u00f6rk v\u00e4gg. Alla h\u00e5ller i varsitt papper med texten \\\"Equal\\\"\"},{\"@type\":\"BreadcrumbList\",\"@id\":\"https:\\\/\\\/zonta.se\\\/en\\\/dags-att-uppna-jamstalldhet-pa-riktigt\\\/#breadcrumb\",\"itemListElement\":[{\"@type\":\"ListItem\",\"position\":1,\"name\":\"Hem\",\"item\":\"https:\\\/\\\/zonta.se\\\/\"},{\"@type\":\"ListItem\",\"position\":2,\"name\":\"Dags att uppn\u00e5 j\u00e4mst\u00e4lldhet p\u00e5 riktigt!\"}]},{\"@type\":\"WebSite\",\"@id\":\"https:\\\/\\\/zonta.se\\\/#website\",\"url\":\"https:\\\/\\\/zonta.se\\\/\",\"name\":\"Zonta Distrikt 21\",\"description\":\"\",\"publisher\":{\"@id\":\"https:\\\/\\\/zonta.se\\\/#organization\"},\"potentialAction\":[{\"@type\":\"SearchAction\",\"target\":{\"@type\":\"EntryPoint\",\"urlTemplate\":\"https:\\\/\\\/zonta.se\\\/?s={search_term_string}\"},\"query-input\":{\"@type\":\"PropertyValueSpecification\",\"valueRequired\":true,\"valueName\":\"search_term_string\"}}],\"inLanguage\":\"lv-LV\"},{\"@type\":\"Organization\",\"@id\":\"https:\\\/\\\/zonta.se\\\/#organization\",\"name\":\"Zonta Distrikt 21\",\"url\":\"https:\\\/\\\/zonta.se\\\/\",\"logo\":{\"@type\":\"ImageObject\",\"inLanguage\":\"lv-LV\",\"@id\":\"https:\\\/\\\/zonta.se\\\/#\\\/schema\\\/logo\\\/image\\\/\",\"url\":\"https:\\\/\\\/zonta.se\\\/wp-content\\\/uploads\\\/2022\\\/09\\\/zonta-logo-color-1.svg\",\"contentUrl\":\"https:\\\/\\\/zonta.se\\\/wp-content\\\/uploads\\\/2022\\\/09\\\/zonta-logo-color-1.svg\",\"width\":1136,\"height\":355,\"caption\":\"Zonta Distrikt 21\"},\"image\":{\"@id\":\"https:\\\/\\\/zonta.se\\\/#\\\/schema\\\/logo\\\/image\\\/\"}},{\"@type\":\"Person\",\"@id\":\"https:\\\/\\\/zonta.se\\\/#\\\/schema\\\/person\\\/5a933829151e2e081eb10b2ddd457e3f\",\"name\":\"qase\",\"image\":{\"@type\":\"ImageObject\",\"inLanguage\":\"lv-LV\",\"@id\":\"https:\\\/\\\/secure.gravatar.com\\\/avatar\\\/e952d592cbf71040295cb3baf1e73d321bdc68a38c20aeca4514b0daa9fd36f0?s=96&d=mm&r=g\",\"url\":\"https:\\\/\\\/secure.gravatar.com\\\/avatar\\\/e952d592cbf71040295cb3baf1e73d321bdc68a38c20aeca4514b0daa9fd36f0?s=96&d=mm&r=g\",\"contentUrl\":\"https:\\\/\\\/secure.gravatar.com\\\/avatar\\\/e952d592cbf71040295cb3baf1e73d321bdc68a38c20aeca4514b0daa9fd36f0?s=96&d=mm&r=g\",\"caption\":\"qase\"},\"sameAs\":[\"https:\\\/\\\/zonta.se\"],\"url\":\"https:\\\/\\\/zonta.se\\\/lv\\\/author\\\/qase\\\/\"}]}<\/script>\n<!-- \/ Yoast SEO plugin. -->","yoast_head_json":{"title":"Laiks sasniegt patiesu dzimumu l\u012bdzties\u012bbu! - Zonta 21. rajons","robots":{"index":"index","follow":"follow","max-snippet":"max-snippet:-1","max-image-preview":"max-image-preview:large","max-video-preview":"max-video-preview:-1"},"canonical":"https:\/\/zonta.se\/lv\/dags-att-uppna-jamstalldhet-pa-riktigt\/","og_locale":"lv_LV","og_type":"article","og_title":"Dags att uppn\u00e5 j\u00e4mst\u00e4lldhet p\u00e5 riktigt! - Zonta Distrikt 21","og_description":"P\u00e5 internationella kvinnodagen den 8 mars lyfter Zonta i Sverige och Lettland fram det femte av FN:s globala m\u00e5l, som syftar till att uppn\u00e5 j\u00e4mst\u00e4lldhet och alla kvinnors och flickors egenmakt.","og_url":"https:\/\/zonta.se\/lv\/dags-att-uppna-jamstalldhet-pa-riktigt\/","og_site_name":"Zonta Distrikt 21","article_published_time":"2022-03-08T03:00:54+00:00","article_modified_time":"2022-09-01T08:59:23+00:00","og_image":[{"width":1280,"height":720,"url":"https:\/\/zonta.se\/wp-content\/uploads\/2022\/03\/pexels-cottonbro-equalaity-lowres.jpg","type":"image\/jpeg"}],"author":"qase","twitter_card":"summary_large_image","twitter_misc":{"Written by":"qase","Est. reading time":"2 min\u016btes"},"schema":{"@context":"https:\/\/schema.org","@graph":[{"@type":"Article","@id":"https:\/\/zonta.se\/en\/dags-att-uppna-jamstalldhet-pa-riktigt\/#article","isPartOf":{"@id":"https:\/\/zonta.se\/en\/dags-att-uppna-jamstalldhet-pa-riktigt\/"},"author":{"name":"qase","@id":"https:\/\/zonta.se\/#\/schema\/person\/5a933829151e2e081eb10b2ddd457e3f"},"headline":"Dags att uppn\u00e5 j\u00e4mst\u00e4lldhet p\u00e5 riktigt!","datePublished":"2022-03-08T03:00:54+00:00","dateModified":"2022-09-01T08:59:23+00:00","mainEntityOfPage":{"@id":"https:\/\/zonta.se\/en\/dags-att-uppna-jamstalldhet-pa-riktigt\/"},"wordCount":345,"publisher":{"@id":"https:\/\/zonta.se\/#organization"},"image":{"@id":"https:\/\/zonta.se\/en\/dags-att-uppna-jamstalldhet-pa-riktigt\/#primaryimage"},"thumbnailUrl":"https:\/\/zonta.se\/wp-content\/uploads\/2022\/03\/pexels-cottonbro-equalaity-lowres.jpg","keywords":["AJOUR","arkiv","ins\u00e4ndare","internationella kvinnodagen"],"articleSection":["Uncategorized"],"inLanguage":"lv-LV"},{"@type":"WebPage","@id":"https:\/\/zonta.se\/en\/dags-att-uppna-jamstalldhet-pa-riktigt\/","url":"https:\/\/zonta.se\/en\/dags-att-uppna-jamstalldhet-pa-riktigt\/","name":"Laiks sasniegt patiesu dzimumu l\u012bdzties\u012bbu! - Zonta 21. rajons","isPartOf":{"@id":"https:\/\/zonta.se\/#website"},"primaryImageOfPage":{"@id":"https:\/\/zonta.se\/en\/dags-att-uppna-jamstalldhet-pa-riktigt\/#primaryimage"},"image":{"@id":"https:\/\/zonta.se\/en\/dags-att-uppna-jamstalldhet-pa-riktigt\/#primaryimage"},"thumbnailUrl":"https:\/\/zonta.se\/wp-content\/uploads\/2022\/03\/pexels-cottonbro-equalaity-lowres.jpg","datePublished":"2022-03-08T03:00:54+00:00","dateModified":"2022-09-01T08:59:23+00:00","breadcrumb":{"@id":"https:\/\/zonta.se\/en\/dags-att-uppna-jamstalldhet-pa-riktigt\/#breadcrumb"},"inLanguage":"lv-LV","potentialAction":[{"@type":"ReadAction","target":["https:\/\/zonta.se\/en\/dags-att-uppna-jamstalldhet-pa-riktigt\/"]}]},{"@type":"ImageObject","inLanguage":"lv-LV","@id":"https:\/\/zonta.se\/en\/dags-att-uppna-jamstalldhet-pa-riktigt\/#primaryimage","url":"https:\/\/zonta.se\/wp-content\/uploads\/2022\/03\/pexels-cottonbro-equalaity-lowres.jpg","contentUrl":"https:\/\/zonta.se\/wp-content\/uploads\/2022\/03\/pexels-cottonbro-equalaity-lowres.jpg","width":1280,"height":720,"caption":"Sex unga m\u00e4nniskor i vita kl\u00e4der p\u00e5 rad med ryggarna mot en m\u00f6rk v\u00e4gg. Alla h\u00e5ller i varsitt papper med texten \"Equal\""},{"@type":"BreadcrumbList","@id":"https:\/\/zonta.se\/en\/dags-att-uppna-jamstalldhet-pa-riktigt\/#breadcrumb","itemListElement":[{"@type":"ListItem","position":1,"name":"Hem","item":"https:\/\/zonta.se\/"},{"@type":"ListItem","position":2,"name":"Dags att uppn\u00e5 j\u00e4mst\u00e4lldhet p\u00e5 riktigt!"}]},{"@type":"WebSite","@id":"https:\/\/zonta.se\/#website","url":"https:\/\/zonta.se\/","name":"Zontas rajons 21","description":"","publisher":{"@id":"https:\/\/zonta.se\/#organization"},"potentialAction":[{"@type":"SearchAction","target":{"@type":"EntryPoint","urlTemplate":"https:\/\/zonta.se\/?s={search_term_string}"},"query-input":{"@type":"PropertyValueSpecification","valueRequired":true,"valueName":"search_term_string"}}],"inLanguage":"lv-LV"},{"@type":"Organization","@id":"https:\/\/zonta.se\/#organization","name":"Zontas rajons 21","url":"https:\/\/zonta.se\/","logo":{"@type":"ImageObject","inLanguage":"lv-LV","@id":"https:\/\/zonta.se\/#\/schema\/logo\/image\/","url":"https:\/\/zonta.se\/wp-content\/uploads\/2022\/09\/zonta-logo-color-1.svg","contentUrl":"https:\/\/zonta.se\/wp-content\/uploads\/2022\/09\/zonta-logo-color-1.svg","width":1136,"height":355,"caption":"Zonta Distrikt 21"},"image":{"@id":"https:\/\/zonta.se\/#\/schema\/logo\/image\/"}},{"@type":"Person","@id":"https:\/\/zonta.se\/#\/schema\/person\/5a933829151e2e081eb10b2ddd457e3f","name":"lietu","image":{"@type":"ImageObject","inLanguage":"lv-LV","@id":"https:\/\/secure.gravatar.com\/avatar\/e952d592cbf71040295cb3baf1e73d321bdc68a38c20aeca4514b0daa9fd36f0?s=96&d=mm&r=g","url":"https:\/\/secure.gravatar.com\/avatar\/e952d592cbf71040295cb3baf1e73d321bdc68a38c20aeca4514b0daa9fd36f0?s=96&d=mm&r=g","contentUrl":"https:\/\/secure.gravatar.com\/avatar\/e952d592cbf71040295cb3baf1e73d321bdc68a38c20aeca4514b0daa9fd36f0?s=96&d=mm&r=g","caption":"qase"},"sameAs":["https:\/\/zonta.se"],"url":"https:\/\/zonta.se\/lv\/author\/qase\/"}]}},"_links":{"self":[{"href":"https:\/\/zonta.se\/lv\/wp-json\/wp\/v2\/posts\/40437","targetHints":{"allow":["GET"]}}],"collection":[{"href":"https:\/\/zonta.se\/lv\/wp-json\/wp\/v2\/posts"}],"about":[{"href":"https:\/\/zonta.se\/lv\/wp-json\/wp\/v2\/types\/post"}],"author":[{"embeddable":true,"href":"https:\/\/zonta.se\/lv\/wp-json\/wp\/v2\/users\/1"}],"replies":[{"embeddable":true,"href":"https:\/\/zonta.se\/lv\/wp-json\/wp\/v2\/comments?post=40437"}],"version-history":[{"count":2,"href":"https:\/\/zonta.se\/lv\/wp-json\/wp\/v2\/posts\/40437\/revisions"}],"predecessor-version":[{"id":43141,"href":"https:\/\/zonta.se\/lv\/wp-json\/wp\/v2\/posts\/40437\/revisions\/43141"}],"wp:featuredmedia":[{"embeddable":true,"href":"https:\/\/zonta.se\/lv\/wp-json\/wp\/v2\/media\/40438"}],"wp:attachment":[{"href":"https:\/\/zonta.se\/lv\/wp-json\/wp\/v2\/media?parent=40437"}],"wp:term":[{"taxonomy":"category","embeddable":true,"href":"https:\/\/zonta.se\/lv\/wp-json\/wp\/v2\/categories?post=40437"},{"taxonomy":"post_tag","embeddable":true,"href":"https:\/\/zonta.se\/lv\/wp-json\/wp\/v2\/tags?post=40437"}],"curies":[{"name":"wp","href":"https:\/\/api.w.org\/{rel}","templated":true}]}}