{"id":49698,"date":"2024-09-15T17:24:33","date_gmt":"2024-09-15T15:24:33","guid":{"rendered":"https:\/\/zonta.se\/?p=49698"},"modified":"2024-09-15T17:24:33","modified_gmt":"2024-09-15T15:24:33","slug":"hur-paverkas-var-halsa-i-ett-varmare-klimat","status":"publish","type":"post","link":"https:\/\/zonta.se\/lv\/hur-paverkas-var-halsa-i-ett-varmare-klimat\/","title":{"rendered":"K\u0101 m\u016bsu vesel\u012bbu ietekm\u0113 silt\u0101ks klimats?"},"content":{"rendered":"<p>Esiet m\u012b\u013ci gaid\u012bti piedal\u012bties iedvesmas san\u0101ksm\u0113 sestdien, 28. septembr\u012b plkst 13:30-15:00. Iedvesmas tik\u0161an\u0101s laik\u0101 tiek p\u0101rrun\u0101ts, k\u0101 silt\u0101ks klimats ietekm\u0113 cilv\u0113ku vesel\u012bbu. San\u0101ksmes laik\u0101 uzst\u0101sies \u012bpa\u0161i tr\u012bs \u2014 Sabiedr\u012bbas vesel\u012bbas a\u0123ent\u016bras dabas \u0123eogr\u0101fijas doktore Sasa \u010cena un divas medm\u0101sas \u2014 Krist\u012bna Ekstranda un Ren\u0113 Allvina (medic\u012bnas doktore). Tik\u0161an\u0101s notiek Zoom platform\u0101. Ja v\u0113lies piedal\u012bties, l\u016bgums re\u0123istr\u0113ties <a href=\"mailto:lotta@lindskan.se\">lotta@lindskan.se<\/a> tad pirms san\u0101ksmes tiks nos\u016bt\u012bta sapulces saite.<\/p>\n\n\n\n<p><strong>Zonta starptautisk\u0101 rajona 21 Klimata komiteja<\/strong><\/p>","protected":false},"excerpt":{"rendered":"<p>Du \u00e4r varmt v\u00e4lkommen att delta i inspirationsm\u00f6te l\u00f6rdagen den 28 september kl. 13:30-15:00. Under inspirationsm\u00f6tet tas det upp om hur ett varmare klimat p\u00e5verka m\u00e4nniskors h\u00e4lsa. Under m\u00f6tet kommer s\u00e4rskilt tre att tala, Sassa Chen, Fil Dr i Naturgeografi p\u00e5 Folkh\u00e4lsomyndigheten samt tv\u00e5 sjuksk\u00f6terskor, Kristina Ekstrand och Ren\u00e9e Allvin (Medicine Dr). M\u00f6tet sker \u00f6ver [&hellip;]<\/p>\n","protected":false},"author":300,"featured_media":49697,"comment_status":"closed","ping_status":"closed","sticky":false,"template":"","format":"standard","meta":{"_acf_changed":false,"footnotes":""},"categories":[1],"tags":[127],"class_list":["post-49698","post","type-post","status-publish","format-standard","has-post-thumbnail","hentry","category-uncategorized","tag-zonta-says-now"],"acf":[],"yoast_head":"<!-- This site is optimized with the Yoast SEO plugin v27.4 - https:\/\/yoast.com\/product\/yoast-seo-wordpress\/ -->\n<title>Hur p\u00e5verkas v\u00e5r h\u00e4lsa i ett varmare klimat? - Zonta Distrikt 21<\/title>\n<meta name=\"robots\" content=\"index, follow, max-snippet:-1, max-image-preview:large, max-video-preview:-1\" \/>\n<link rel=\"canonical\" href=\"https:\/\/zonta.se\/lv\/hur-paverkas-var-halsa-i-ett-varmare-klimat\/\" \/>\n<meta property=\"og:locale\" content=\"lv_LV\" \/>\n<meta property=\"og:type\" content=\"article\" \/>\n<meta property=\"og:title\" content=\"Hur p\u00e5verkas v\u00e5r h\u00e4lsa i ett varmare klimat? - Zonta Distrikt 21\" \/>\n<meta property=\"og:description\" content=\"Du \u00e4r varmt v\u00e4lkommen att delta i inspirationsm\u00f6te l\u00f6rdagen den 28 september kl. 13:30-15:00. Under inspirationsm\u00f6tet tas det upp om hur ett varmare klimat p\u00e5verka m\u00e4nniskors h\u00e4lsa. Under m\u00f6tet kommer s\u00e4rskilt tre att tala, Sassa Chen, Fil Dr i Naturgeografi p\u00e5 Folkh\u00e4lsomyndigheten samt tv\u00e5 sjuksk\u00f6terskor, Kristina Ekstrand och Ren\u00e9e Allvin (Medicine Dr). M\u00f6tet sker \u00f6ver [&hellip;]\" \/>\n<meta property=\"og:url\" content=\"https:\/\/zonta.se\/lv\/hur-paverkas-var-halsa-i-ett-varmare-klimat\/\" \/>\n<meta property=\"og:site_name\" content=\"Zonta Distrikt 21\" \/>\n<meta property=\"article:published_time\" content=\"2024-09-15T15:24:33+00:00\" \/>\n<meta property=\"og:image\" content=\"https:\/\/zonta.se\/wp-content\/uploads\/2024\/09\/inspirationsmote-28sept.jpg\" \/>\n\t<meta property=\"og:image:width\" content=\"595\" \/>\n\t<meta property=\"og:image:height\" content=\"640\" \/>\n\t<meta property=\"og:image:type\" content=\"image\/jpeg\" \/>\n<meta name=\"author\" content=\"frida.falth\" \/>\n<meta name=\"twitter:card\" content=\"summary_large_image\" \/>\n<meta name=\"twitter:label1\" content=\"Written by\" \/>\n\t<meta name=\"twitter:data1\" content=\"frida.falth\" \/>\n\t<meta name=\"twitter:label2\" content=\"Est. reading time\" \/>\n\t<meta name=\"twitter:data2\" content=\"1 min\u016bte\" \/>\n<script type=\"application\/ld+json\" class=\"yoast-schema-graph\">{\"@context\":\"https:\\\/\\\/schema.org\",\"@graph\":[{\"@type\":\"Article\",\"@id\":\"https:\\\/\\\/zonta.se\\\/hur-paverkas-var-halsa-i-ett-varmare-klimat\\\/#article\",\"isPartOf\":{\"@id\":\"https:\\\/\\\/zonta.se\\\/hur-paverkas-var-halsa-i-ett-varmare-klimat\\\/\"},\"author\":{\"name\":\"frida.falth\",\"@id\":\"https:\\\/\\\/zonta.se\\\/#\\\/schema\\\/person\\\/cb6182cdf240bfd16a50a9df11f45163\"},\"headline\":\"Hur p\u00e5verkas v\u00e5r h\u00e4lsa i ett varmare klimat?\",\"datePublished\":\"2024-09-15T15:24:33+00:00\",\"mainEntityOfPage\":{\"@id\":\"https:\\\/\\\/zonta.se\\\/hur-paverkas-var-halsa-i-ett-varmare-klimat\\\/\"},\"wordCount\":108,\"publisher\":{\"@id\":\"https:\\\/\\\/zonta.se\\\/#organization\"},\"image\":{\"@id\":\"https:\\\/\\\/zonta.se\\\/hur-paverkas-var-halsa-i-ett-varmare-klimat\\\/#primaryimage\"},\"thumbnailUrl\":\"https:\\\/\\\/zonta.se\\\/wp-content\\\/uploads\\\/2024\\\/09\\\/inspirationsmote-28sept.jpg\",\"keywords\":[\"zonta says now\"],\"articleSection\":[\"Uncategorized\"],\"inLanguage\":\"lv-LV\"},{\"@type\":\"WebPage\",\"@id\":\"https:\\\/\\\/zonta.se\\\/hur-paverkas-var-halsa-i-ett-varmare-klimat\\\/\",\"url\":\"https:\\\/\\\/zonta.se\\\/hur-paverkas-var-halsa-i-ett-varmare-klimat\\\/\",\"name\":\"Hur p\u00e5verkas v\u00e5r h\u00e4lsa i ett varmare klimat? - Zonta Distrikt 21\",\"isPartOf\":{\"@id\":\"https:\\\/\\\/zonta.se\\\/#website\"},\"primaryImageOfPage\":{\"@id\":\"https:\\\/\\\/zonta.se\\\/hur-paverkas-var-halsa-i-ett-varmare-klimat\\\/#primaryimage\"},\"image\":{\"@id\":\"https:\\\/\\\/zonta.se\\\/hur-paverkas-var-halsa-i-ett-varmare-klimat\\\/#primaryimage\"},\"thumbnailUrl\":\"https:\\\/\\\/zonta.se\\\/wp-content\\\/uploads\\\/2024\\\/09\\\/inspirationsmote-28sept.jpg\",\"datePublished\":\"2024-09-15T15:24:33+00:00\",\"breadcrumb\":{\"@id\":\"https:\\\/\\\/zonta.se\\\/hur-paverkas-var-halsa-i-ett-varmare-klimat\\\/#breadcrumb\"},\"inLanguage\":\"lv-LV\",\"potentialAction\":[{\"@type\":\"ReadAction\",\"target\":[\"https:\\\/\\\/zonta.se\\\/hur-paverkas-var-halsa-i-ett-varmare-klimat\\\/\"]}]},{\"@type\":\"ImageObject\",\"inLanguage\":\"lv-LV\",\"@id\":\"https:\\\/\\\/zonta.se\\\/hur-paverkas-var-halsa-i-ett-varmare-klimat\\\/#primaryimage\",\"url\":\"https:\\\/\\\/zonta.se\\\/wp-content\\\/uploads\\\/2024\\\/09\\\/inspirationsmote-28sept.jpg\",\"contentUrl\":\"https:\\\/\\\/zonta.se\\\/wp-content\\\/uploads\\\/2024\\\/09\\\/inspirationsmote-28sept.jpg\",\"width\":595,\"height\":640,\"caption\":\"Bild p\u00e5 en del av ett \u00e4ppeltr\u00e4d.\"},{\"@type\":\"BreadcrumbList\",\"@id\":\"https:\\\/\\\/zonta.se\\\/hur-paverkas-var-halsa-i-ett-varmare-klimat\\\/#breadcrumb\",\"itemListElement\":[{\"@type\":\"ListItem\",\"position\":1,\"name\":\"Hem\",\"item\":\"https:\\\/\\\/zonta.se\\\/\"},{\"@type\":\"ListItem\",\"position\":2,\"name\":\"Hur p\u00e5verkas v\u00e5r h\u00e4lsa i ett varmare klimat?\"}]},{\"@type\":\"WebSite\",\"@id\":\"https:\\\/\\\/zonta.se\\\/#website\",\"url\":\"https:\\\/\\\/zonta.se\\\/\",\"name\":\"Zonta Distrikt 21\",\"description\":\"\",\"publisher\":{\"@id\":\"https:\\\/\\\/zonta.se\\\/#organization\"},\"potentialAction\":[{\"@type\":\"SearchAction\",\"target\":{\"@type\":\"EntryPoint\",\"urlTemplate\":\"https:\\\/\\\/zonta.se\\\/?s={search_term_string}\"},\"query-input\":{\"@type\":\"PropertyValueSpecification\",\"valueRequired\":true,\"valueName\":\"search_term_string\"}}],\"inLanguage\":\"lv-LV\"},{\"@type\":\"Organization\",\"@id\":\"https:\\\/\\\/zonta.se\\\/#organization\",\"name\":\"Zonta Distrikt 21\",\"url\":\"https:\\\/\\\/zonta.se\\\/\",\"logo\":{\"@type\":\"ImageObject\",\"inLanguage\":\"lv-LV\",\"@id\":\"https:\\\/\\\/zonta.se\\\/#\\\/schema\\\/logo\\\/image\\\/\",\"url\":\"https:\\\/\\\/zonta.se\\\/wp-content\\\/uploads\\\/2022\\\/09\\\/zonta-logo-color-1.svg\",\"contentUrl\":\"https:\\\/\\\/zonta.se\\\/wp-content\\\/uploads\\\/2022\\\/09\\\/zonta-logo-color-1.svg\",\"width\":1136,\"height\":355,\"caption\":\"Zonta Distrikt 21\"},\"image\":{\"@id\":\"https:\\\/\\\/zonta.se\\\/#\\\/schema\\\/logo\\\/image\\\/\"}},{\"@type\":\"Person\",\"@id\":\"https:\\\/\\\/zonta.se\\\/#\\\/schema\\\/person\\\/cb6182cdf240bfd16a50a9df11f45163\",\"name\":\"frida.falth\",\"image\":{\"@type\":\"ImageObject\",\"inLanguage\":\"lv-LV\",\"@id\":\"https:\\\/\\\/secure.gravatar.com\\\/avatar\\\/d9d93b35abcf2ccd1af0e398292fa31c6e959e3d2c7f6db510bf81cc4cc5bc30?s=96&d=mm&r=g\",\"url\":\"https:\\\/\\\/secure.gravatar.com\\\/avatar\\\/d9d93b35abcf2ccd1af0e398292fa31c6e959e3d2c7f6db510bf81cc4cc5bc30?s=96&d=mm&r=g\",\"contentUrl\":\"https:\\\/\\\/secure.gravatar.com\\\/avatar\\\/d9d93b35abcf2ccd1af0e398292fa31c6e959e3d2c7f6db510bf81cc4cc5bc30?s=96&d=mm&r=g\",\"caption\":\"frida.falth\"},\"url\":\"https:\\\/\\\/zonta.se\\\/lv\\\/author\\\/frida-falth\\\/\"}]}<\/script>\n<!-- \/ Yoast SEO plugin. -->","yoast_head_json":{"title":"K\u0101 silt\u0101ks klimats ietekm\u0113 m\u016bsu vesel\u012bbu? - Zonta 21. rajons","robots":{"index":"index","follow":"follow","max-snippet":"max-snippet:-1","max-image-preview":"max-image-preview:large","max-video-preview":"max-video-preview:-1"},"canonical":"https:\/\/zonta.se\/lv\/hur-paverkas-var-halsa-i-ett-varmare-klimat\/","og_locale":"lv_LV","og_type":"article","og_title":"Hur p\u00e5verkas v\u00e5r h\u00e4lsa i ett varmare klimat? - Zonta Distrikt 21","og_description":"Du \u00e4r varmt v\u00e4lkommen att delta i inspirationsm\u00f6te l\u00f6rdagen den 28 september kl. 13:30-15:00. Under inspirationsm\u00f6tet tas det upp om hur ett varmare klimat p\u00e5verka m\u00e4nniskors h\u00e4lsa. Under m\u00f6tet kommer s\u00e4rskilt tre att tala, Sassa Chen, Fil Dr i Naturgeografi p\u00e5 Folkh\u00e4lsomyndigheten samt tv\u00e5 sjuksk\u00f6terskor, Kristina Ekstrand och Ren\u00e9e Allvin (Medicine Dr). M\u00f6tet sker \u00f6ver [&hellip;]","og_url":"https:\/\/zonta.se\/lv\/hur-paverkas-var-halsa-i-ett-varmare-klimat\/","og_site_name":"Zonta Distrikt 21","article_published_time":"2024-09-15T15:24:33+00:00","og_image":[{"width":595,"height":640,"url":"https:\/\/zonta.se\/wp-content\/uploads\/2024\/09\/inspirationsmote-28sept.jpg","type":"image\/jpeg"}],"author":"frida.falth","twitter_card":"summary_large_image","twitter_misc":{"Written by":"frida.falth","Est. reading time":"1 min\u016bte"},"schema":{"@context":"https:\/\/schema.org","@graph":[{"@type":"Article","@id":"https:\/\/zonta.se\/hur-paverkas-var-halsa-i-ett-varmare-klimat\/#article","isPartOf":{"@id":"https:\/\/zonta.se\/hur-paverkas-var-halsa-i-ett-varmare-klimat\/"},"author":{"name":"frida.falth","@id":"https:\/\/zonta.se\/#\/schema\/person\/cb6182cdf240bfd16a50a9df11f45163"},"headline":"Hur p\u00e5verkas v\u00e5r h\u00e4lsa i ett varmare klimat?","datePublished":"2024-09-15T15:24:33+00:00","mainEntityOfPage":{"@id":"https:\/\/zonta.se\/hur-paverkas-var-halsa-i-ett-varmare-klimat\/"},"wordCount":108,"publisher":{"@id":"https:\/\/zonta.se\/#organization"},"image":{"@id":"https:\/\/zonta.se\/hur-paverkas-var-halsa-i-ett-varmare-klimat\/#primaryimage"},"thumbnailUrl":"https:\/\/zonta.se\/wp-content\/uploads\/2024\/09\/inspirationsmote-28sept.jpg","keywords":["zonta says now"],"articleSection":["Uncategorized"],"inLanguage":"lv-LV"},{"@type":"WebPage","@id":"https:\/\/zonta.se\/hur-paverkas-var-halsa-i-ett-varmare-klimat\/","url":"https:\/\/zonta.se\/hur-paverkas-var-halsa-i-ett-varmare-klimat\/","name":"K\u0101 silt\u0101ks klimats ietekm\u0113 m\u016bsu vesel\u012bbu? - Zonta 21. rajons","isPartOf":{"@id":"https:\/\/zonta.se\/#website"},"primaryImageOfPage":{"@id":"https:\/\/zonta.se\/hur-paverkas-var-halsa-i-ett-varmare-klimat\/#primaryimage"},"image":{"@id":"https:\/\/zonta.se\/hur-paverkas-var-halsa-i-ett-varmare-klimat\/#primaryimage"},"thumbnailUrl":"https:\/\/zonta.se\/wp-content\/uploads\/2024\/09\/inspirationsmote-28sept.jpg","datePublished":"2024-09-15T15:24:33+00:00","breadcrumb":{"@id":"https:\/\/zonta.se\/hur-paverkas-var-halsa-i-ett-varmare-klimat\/#breadcrumb"},"inLanguage":"lv-LV","potentialAction":[{"@type":"ReadAction","target":["https:\/\/zonta.se\/hur-paverkas-var-halsa-i-ett-varmare-klimat\/"]}]},{"@type":"ImageObject","inLanguage":"lv-LV","@id":"https:\/\/zonta.se\/hur-paverkas-var-halsa-i-ett-varmare-klimat\/#primaryimage","url":"https:\/\/zonta.se\/wp-content\/uploads\/2024\/09\/inspirationsmote-28sept.jpg","contentUrl":"https:\/\/zonta.se\/wp-content\/uploads\/2024\/09\/inspirationsmote-28sept.jpg","width":595,"height":640,"caption":"Bild p\u00e5 en del av ett \u00e4ppeltr\u00e4d."},{"@type":"BreadcrumbList","@id":"https:\/\/zonta.se\/hur-paverkas-var-halsa-i-ett-varmare-klimat\/#breadcrumb","itemListElement":[{"@type":"ListItem","position":1,"name":"Hem","item":"https:\/\/zonta.se\/"},{"@type":"ListItem","position":2,"name":"Hur p\u00e5verkas v\u00e5r h\u00e4lsa i ett varmare klimat?"}]},{"@type":"WebSite","@id":"https:\/\/zonta.se\/#website","url":"https:\/\/zonta.se\/","name":"Zontas rajons 21","description":"","publisher":{"@id":"https:\/\/zonta.se\/#organization"},"potentialAction":[{"@type":"SearchAction","target":{"@type":"EntryPoint","urlTemplate":"https:\/\/zonta.se\/?s={search_term_string}"},"query-input":{"@type":"PropertyValueSpecification","valueRequired":true,"valueName":"search_term_string"}}],"inLanguage":"lv-LV"},{"@type":"Organization","@id":"https:\/\/zonta.se\/#organization","name":"Zontas rajons 21","url":"https:\/\/zonta.se\/","logo":{"@type":"ImageObject","inLanguage":"lv-LV","@id":"https:\/\/zonta.se\/#\/schema\/logo\/image\/","url":"https:\/\/zonta.se\/wp-content\/uploads\/2022\/09\/zonta-logo-color-1.svg","contentUrl":"https:\/\/zonta.se\/wp-content\/uploads\/2022\/09\/zonta-logo-color-1.svg","width":1136,"height":355,"caption":"Zonta Distrikt 21"},"image":{"@id":"https:\/\/zonta.se\/#\/schema\/logo\/image\/"}},{"@type":"Person","@id":"https:\/\/zonta.se\/#\/schema\/person\/cb6182cdf240bfd16a50a9df11f45163","name":"Fr\u012bda.Falta","image":{"@type":"ImageObject","inLanguage":"lv-LV","@id":"https:\/\/secure.gravatar.com\/avatar\/d9d93b35abcf2ccd1af0e398292fa31c6e959e3d2c7f6db510bf81cc4cc5bc30?s=96&d=mm&r=g","url":"https:\/\/secure.gravatar.com\/avatar\/d9d93b35abcf2ccd1af0e398292fa31c6e959e3d2c7f6db510bf81cc4cc5bc30?s=96&d=mm&r=g","contentUrl":"https:\/\/secure.gravatar.com\/avatar\/d9d93b35abcf2ccd1af0e398292fa31c6e959e3d2c7f6db510bf81cc4cc5bc30?s=96&d=mm&r=g","caption":"frida.falth"},"url":"https:\/\/zonta.se\/lv\/author\/frida-falth\/"}]}},"_links":{"self":[{"href":"https:\/\/zonta.se\/lv\/wp-json\/wp\/v2\/posts\/49698","targetHints":{"allow":["GET"]}}],"collection":[{"href":"https:\/\/zonta.se\/lv\/wp-json\/wp\/v2\/posts"}],"about":[{"href":"https:\/\/zonta.se\/lv\/wp-json\/wp\/v2\/types\/post"}],"author":[{"embeddable":true,"href":"https:\/\/zonta.se\/lv\/wp-json\/wp\/v2\/users\/300"}],"replies":[{"embeddable":true,"href":"https:\/\/zonta.se\/lv\/wp-json\/wp\/v2\/comments?post=49698"}],"version-history":[{"count":2,"href":"https:\/\/zonta.se\/lv\/wp-json\/wp\/v2\/posts\/49698\/revisions"}],"predecessor-version":[{"id":49700,"href":"https:\/\/zonta.se\/lv\/wp-json\/wp\/v2\/posts\/49698\/revisions\/49700"}],"wp:featuredmedia":[{"embeddable":true,"href":"https:\/\/zonta.se\/lv\/wp-json\/wp\/v2\/media\/49697"}],"wp:attachment":[{"href":"https:\/\/zonta.se\/lv\/wp-json\/wp\/v2\/media?parent=49698"}],"wp:term":[{"taxonomy":"category","embeddable":true,"href":"https:\/\/zonta.se\/lv\/wp-json\/wp\/v2\/categories?post=49698"},{"taxonomy":"post_tag","embeddable":true,"href":"https:\/\/zonta.se\/lv\/wp-json\/wp\/v2\/tags?post=49698"}],"curies":[{"name":"wp","href":"https:\/\/api.w.org\/{rel}","templated":true}]}}